{"id":26259,"date":"2022-11-19T22:14:58","date_gmt":"2022-11-19T21:14:58","guid":{"rendered":"https:\/\/agora.xtec.cat\/escolacollserolacerdanyola\/?p=26259"},"modified":"2022-11-19T22:38:23","modified_gmt":"2022-11-19T21:38:23","slug":"sortida-al-montseny-2022-cicle-de-grans","status":"publish","type":"post","link":"https:\/\/agora.xtec.cat\/escolacollserolacerdanyola\/de-1r-a-6e\/4t\/sortida-al-montseny-2022-cicle-de-grans\/","title":{"rendered":"Sortida al Montseny 2022. Cicle de grans"},"content":{"rendered":"<p><strong>EXCURSI\u00d3 AL MONTSENY \ud83c\udf41\ud83c\udf42\ud83c\udf43\ud83c\udfde<\/strong><\/p>\n<p>El 10 de novembre\u00a0 l&#8217;escola Collserola va anar a fer una excursi\u00f3 al Montseny. Vam anar tota l&#8217;escola per estar tots junts. De 4t fins a 6\u00e9 vam fer un picnic col\u00b7lectiu per dinar.<br \/>\nP3, P4 i P5 va fer la ruta m\u00e9s curta, 1r, 2n i 3r va fer la ruta mitjana i 4t, 5\u00e9 i 6\u00e9 va fer la ruta m\u00e9s llarga.<br \/>\nEn el cam\u00ed vam passar pel costat de la Casa Partida, vam veure 2 salamandres, una morta i una viva en una roca i vam veure moltes castanyes,uns quants faigs i uns sequoies importades des dels Estats Units.<\/p>\n<p>Va ser molt divertit per a tots i totes per\u00f2 una mica cansat!<\/p>\n<p><a href=\"https:\/\/photos.app.goo.gl\/R45aknpQMQtGGJf69\">SORTIDA AL MOTNSENY <\/a><\/p>\n","protected":false},"excerpt":{"rendered":"<p>EXCURSI\u00d3 AL MONTSENY \ud83c\udf41\ud83c\udf42\ud83c\udf43\ud83c\udfde<br \/>\nEl 10 de novembre\u00a0 l&#8217;escola Collserola va anar a fer una excursi\u00f3 al Montseny. Vam anar tota l&#8217;escola per estar tots junts. De 4t fins a 6\u00e9 vam fer un picnic col\u00b7lectiu per dinar.<br \/>\nP3, P4 i P5 va fer la ruta m\u00e9s&hellip;  <a href=\"https:\/\/agora.xtec.cat\/escolacollserolacerdanyola\/de-1r-a-6e\/4t\/sortida-al-montseny-2022-cicle-de-grans\/\" title=\"Read Sortida al Montseny 2022. Cicle de grans\">Llegeix m\u00e9s\u00bb<\/a><\/p>\n","protected":false},"author":9,"featured_media":26262,"comment_status":"open","ping_status":"closed","sticky":false,"template":"","format":"standard","meta":{"_bbp_topic_count":0,"_bbp_reply_count":0,"_bbp_total_topic_count":0,"_bbp_total_reply_count":0,"_bbp_voice_count":0,"_bbp_anonymous_reply_count":0,"_bbp_topic_count_hidden":0,"_bbp_reply_count_hidden":0,"_bbp_forum_subforum_count":0,"footnotes":""},"categories":[13,14,15,86,93],"tags":[],"class_list":["post-26259","post","type-post","status-publish","format-standard","has-post-thumbnail","hentry","category-4t","category-5e","category-6e","category-grans","category-sortides"],"post_mailing_queue_ids":[],"_links":{"self":[{"href":"https:\/\/agora.xtec.cat\/escolacollserolacerdanyola\/wp-json\/wp\/v2\/posts\/26259","targetHints":{"allow":["GET"]}}],"collection":[{"href":"https:\/\/agora.xtec.cat\/escolacollserolacerdanyola\/wp-json\/wp\/v2\/posts"}],"about":[{"href":"https:\/\/agora.xtec.cat\/escolacollserolacerdanyola\/wp-json\/wp\/v2\/types\/post"}],"author":[{"embeddable":true,"href":"https:\/\/agora.xtec.cat\/escolacollserolacerdanyola\/wp-json\/wp\/v2\/users\/9"}],"replies":[{"embeddable":true,"href":"https:\/\/agora.xtec.cat\/escolacollserolacerdanyola\/wp-json\/wp\/v2\/comments?post=26259"}],"version-history":[{"count":1,"href":"https:\/\/agora.xtec.cat\/escolacollserolacerdanyola\/wp-json\/wp\/v2\/posts\/26259\/revisions"}],"predecessor-version":[{"id":26261,"href":"https:\/\/agora.xtec.cat\/escolacollserolacerdanyola\/wp-json\/wp\/v2\/posts\/26259\/revisions\/26261"}],"wp:featuredmedia":[{"embeddable":true,"href":"https:\/\/agora.xtec.cat\/escolacollserolacerdanyola\/wp-json\/wp\/v2\/media\/26262"}],"wp:attachment":[{"href":"https:\/\/agora.xtec.cat\/escolacollserolacerdanyola\/wp-json\/wp\/v2\/media?parent=26259"}],"wp:term":[{"taxonomy":"category","embeddable":true,"href":"https:\/\/agora.xtec.cat\/escolacollserolacerdanyola\/wp-json\/wp\/v2\/categories?post=26259"},{"taxonomy":"post_tag","embeddable":true,"href":"https:\/\/agora.xtec.cat\/escolacollserolacerdanyola\/wp-json\/wp\/v2\/tags?post=26259"}],"curies":[{"name":"wp","href":"https:\/\/api.w.org\/{rel}","templated":true}]}}