{"id":26195,"date":"2022-11-13T21:49:59","date_gmt":"2022-11-13T20:49:59","guid":{"rendered":"https:\/\/agora.xtec.cat\/escolacollserolacerdanyola\/?p=26195"},"modified":"2022-11-13T21:49:59","modified_gmt":"2022-11-13T20:49:59","slug":"p3-i-la-tardor","status":"publish","type":"post","link":"https:\/\/agora.xtec.cat\/escolacollserolacerdanyola\/ei3-ei4-ei5\/p3-i-la-tardor\/","title":{"rendered":"P3 i la TARDOR!!!"},"content":{"rendered":"<p>Aqu\u00ed teniu un munt d&#8217;activitats que hem fet referent a la TARDOR, aquesta estaci\u00f3 tant especial i que tant ens agrada a l&#8217;escola.<\/p>\n<p>A P3 hem descobert els colors de la tardor i pintat i estampat amb ells per decorar la classe i els passadissos, amb esponges i amb pinzells. Hem aprofitat per treballar la motricitat tot retallant fulles seques, pells de mandarina o petits pals. Hem fet seriacions i joc lliure amb castanyes i nous, aix\u00ed com tastat magranes o mandarines. Tamb\u00e9 hem explicat contes i apr\u00e8s can\u00e7ons. Hem ballat al ritme de la tardor i tamb\u00e9 hem sortit a jugar amb les fulles al pati. Hem fet de cuiners i cuineres fent panellets. I sobretot hem gaudit d&#8217;experimentar des de diferents perspectives i amb totes les propostes, tot fent una super festa de la Castanyada!!!<\/p>\n<p>Esperem que gaudiu amb totes les fotografies!!! I us adjuntem uns v\u00eddeos que ens agraden molt a l&#8217;aula.<\/p>\n<p><a href=\"https:\/\/photos.app.goo.gl\/ZxwqFxYmntESusSu8\">P3 curs 22-23 juguem amb fulles del pati<\/a><\/p>\n<p><a href=\"https:\/\/photos.app.goo.gl\/5h1Zx1DJCVdNXLQL7\">P3 curs 22-23 estampem per decorar els vidres<\/a><\/p>\n<p><a href=\"https:\/\/photos.app.goo.gl\/hRbvL7pJ1HeHG9i29\">P3 curs 22-23 fem cargols de plastilina<\/a><\/p>\n<p><a href=\"https:\/\/photos.app.goo.gl\/jyKg8gddCTVN4H1K9\">P3 curs 22-23 experimentem amb elements de la tardor<\/a><\/p>\n<p><a href=\"https:\/\/photos.app.goo.gl\/giV6x6wNeFNnbaPH9\">P3 curs 22-23 estampem diferents elements de tardor<\/a><\/p>\n<p><a href=\"https:\/\/photos.app.goo.gl\/xG1LaR1BLE2mXNxr9\">P3 curs 22-23 pintem paperines per les castanyes<\/a><\/p>\n<p><a href=\"https:\/\/photos.app.goo.gl\/SiVajPfdDZVCNKpr5\">P3 curs 22-23 pintem mandales pel passad\u00eds<\/a><\/p>\n<p><a href=\"https:\/\/photos.app.goo.gl\/QtfqcmAG9uER4Cic9\">P3 curs 22-23 fem panellets!<\/a><\/p>\n<p><a href=\"https:\/\/photos.app.goo.gl\/pWjrgL27wfngtTqZ8\">P3 curs 22-23 festegem la castanyada!!!<\/a><\/p>\n<p>&nbsp;<\/p>\n<p><iframe loading=\"lazy\" title=\"M&#039;AGRADA LA TARDOR\" width=\"500\" height=\"281\" src=\"https:\/\/www.youtube.com\/embed\/p4JfqcRXidI?feature=oembed\" frameborder=\"0\" allow=\"accelerometer; autoplay; clipboard-write; encrypted-media; gyroscope; picture-in-picture; web-share\" referrerpolicy=\"strict-origin-when-cross-origin\" allowfullscreen><\/iframe><\/p>\n<p><iframe loading=\"lazy\" title=\"CONTE: EL CARGOL I L&#039;HERBA DE PONIOL\" width=\"500\" height=\"281\" src=\"https:\/\/www.youtube.com\/embed\/r4D5q7YlAaw?feature=oembed\" frameborder=\"0\" allow=\"accelerometer; autoplay; clipboard-write; encrypted-media; gyroscope; picture-in-picture; web-share\" referrerpolicy=\"strict-origin-when-cross-origin\" allowfullscreen><\/iframe><\/p>\n<p><iframe loading=\"lazy\" title=\"Titelles Pamipipa - L&#039;Esquirol - plim, plim, plim, plim\" width=\"500\" height=\"281\" src=\"https:\/\/www.youtube.com\/embed\/ANgi028uZLM?feature=oembed\" frameborder=\"0\" allow=\"accelerometer; autoplay; clipboard-write; encrypted-media; gyroscope; picture-in-picture; web-share\" referrerpolicy=\"strict-origin-when-cross-origin\" allowfullscreen><\/iframe><\/p>\n","protected":false},"excerpt":{"rendered":"<p>Aqu\u00ed teniu un munt d&#8217;activitats que hem fet referent a la TARDOR, aquesta estaci\u00f3 tant especial i que tant ens agrada a l&#8217;escola.<br \/>\nA P3 hem descobert els colors de la tardor i pintat i estampat amb ells per decorar la classe i els passadissos, amb&hellip;  <a href=\"https:\/\/agora.xtec.cat\/escolacollserolacerdanyola\/ei3-ei4-ei5\/p3-i-la-tardor\/\" title=\"Read P3 i la TARDOR!!!\">Llegeix m\u00e9s\u00bb<\/a><\/p>\n","protected":false},"author":6,"featured_media":26196,"comment_status":"open","ping_status":"closed","sticky":false,"template":"","format":"standard","meta":{"_bbp_topic_count":0,"_bbp_reply_count":0,"_bbp_total_topic_count":0,"_bbp_total_reply_count":0,"_bbp_voice_count":0,"_bbp_anonymous_reply_count":0,"_bbp_topic_count_hidden":0,"_bbp_reply_count_hidden":0,"_bbp_forum_subforum_count":0,"footnotes":""},"categories":[2,3],"tags":[],"class_list":["post-26195","post","type-post","status-publish","format-standard","has-post-thumbnail","hentry","category-ei3-ei4-ei5","category-ei3"],"post_mailing_queue_ids":[],"_links":{"self":[{"href":"https:\/\/agora.xtec.cat\/escolacollserolacerdanyola\/wp-json\/wp\/v2\/posts\/26195","targetHints":{"allow":["GET"]}}],"collection":[{"href":"https:\/\/agora.xtec.cat\/escolacollserolacerdanyola\/wp-json\/wp\/v2\/posts"}],"about":[{"href":"https:\/\/agora.xtec.cat\/escolacollserolacerdanyola\/wp-json\/wp\/v2\/types\/post"}],"author":[{"embeddable":true,"href":"https:\/\/agora.xtec.cat\/escolacollserolacerdanyola\/wp-json\/wp\/v2\/users\/6"}],"replies":[{"embeddable":true,"href":"https:\/\/agora.xtec.cat\/escolacollserolacerdanyola\/wp-json\/wp\/v2\/comments?post=26195"}],"version-history":[{"count":1,"href":"https:\/\/agora.xtec.cat\/escolacollserolacerdanyola\/wp-json\/wp\/v2\/posts\/26195\/revisions"}],"predecessor-version":[{"id":26197,"href":"https:\/\/agora.xtec.cat\/escolacollserolacerdanyola\/wp-json\/wp\/v2\/posts\/26195\/revisions\/26197"}],"wp:featuredmedia":[{"embeddable":true,"href":"https:\/\/agora.xtec.cat\/escolacollserolacerdanyola\/wp-json\/wp\/v2\/media\/26196"}],"wp:attachment":[{"href":"https:\/\/agora.xtec.cat\/escolacollserolacerdanyola\/wp-json\/wp\/v2\/media?parent=26195"}],"wp:term":[{"taxonomy":"category","embeddable":true,"href":"https:\/\/agora.xtec.cat\/escolacollserolacerdanyola\/wp-json\/wp\/v2\/categories?post=26195"},{"taxonomy":"post_tag","embeddable":true,"href":"https:\/\/agora.xtec.cat\/escolacollserolacerdanyola\/wp-json\/wp\/v2\/tags?post=26195"}],"curies":[{"name":"wp","href":"https:\/\/api.w.org\/{rel}","templated":true}]}}