{"id":26115,"date":"2022-11-03T15:28:08","date_gmt":"2022-11-03T14:28:08","guid":{"rendered":"https:\/\/agora.xtec.cat\/escolacollserolacerdanyola\/?p=26115"},"modified":"2022-11-03T15:28:08","modified_gmt":"2022-11-03T14:28:08","slug":"6e-halloween","status":"publish","type":"post","link":"https:\/\/agora.xtec.cat\/escolacollserolacerdanyola\/portadageneral\/6e-halloween\/","title":{"rendered":"6\u00e8. Halloween"},"content":{"rendered":"<p>La setmana passada els nens i nenes de sis\u00e8 vam tenir molta feina! Aquest any ens ha tocat preparar el Escape Room\/t\u00fanel del terror per 4t i 5\u00e8. Primer vam crear hist\u00f2ries de por, les vam compartir, vam triar les que m\u00e9s ens van agradar i vam ajuntar-ne les tres m\u00e9s votades. Ens vam repartir en grups de treball: decoracions, vestuari, hist\u00f2ria, efectes de so, proves escape room&#8230;i entre tots i totes vam anar preparant-ho tot per aconseguir un gran t\u00fanel del terror, que fes por, per\u00f2 que tamb\u00e9 fos divertit i entretingut.<\/p>\n<p>&nbsp;<\/p>\n<p>A m\u00e9s a m\u00e9s, vam fer la ballada de Halloween, l&#8217;esmorzar de por i la decoraci\u00f3 de la porta, aquest any hem guanyat el t\u00edtol a la porta m\u00e9s temible!<\/p>\n<p>Aqu\u00ed teniu algunes imatges de tot el proc\u00e9s!<\/p>\n<p><a href=\"https:\/\/photos.app.goo.gl\/p1F8fCPoihLH8X5z7\">Halloween<\/a><\/p>\n<p>&nbsp;<\/p>\n","protected":false},"excerpt":{"rendered":"<p>La setmana passada els nens i nenes de sis\u00e8 vam tenir molta feina! Aquest any ens ha tocat preparar el Escape Room\/t\u00fanel del terror per 4t i 5\u00e8. Primer vam crear hist\u00f2ries de por, les vam compartir, vam triar les que m\u00e9s ens van agradar&hellip;  <a href=\"https:\/\/agora.xtec.cat\/escolacollserolacerdanyola\/portadageneral\/6e-halloween\/\" title=\"Read 6\u00e8. Halloween\">Llegeix m\u00e9s\u00bb<\/a><\/p>\n","protected":false},"author":9,"featured_media":26131,"comment_status":"open","ping_status":"closed","sticky":false,"template":"","format":"standard","meta":{"_bbp_topic_count":0,"_bbp_reply_count":0,"_bbp_total_topic_count":0,"_bbp_total_reply_count":0,"_bbp_voice_count":0,"_bbp_anonymous_reply_count":0,"_bbp_topic_count_hidden":0,"_bbp_reply_count_hidden":0,"_bbp_forum_subforum_count":0,"footnotes":""},"categories":[15,86,267,1,4,5,114,116],"tags":[],"class_list":["post-26115","post","type-post","status-publish","format-standard","has-post-thumbnail","hentry","category-6e","category-grans","category-musica","category-portadageneral","category-portada","category-de-1r-a-6e","category-primary-6th","category-songs"],"post_mailing_queue_ids":[],"_links":{"self":[{"href":"https:\/\/agora.xtec.cat\/escolacollserolacerdanyola\/wp-json\/wp\/v2\/posts\/26115","targetHints":{"allow":["GET"]}}],"collection":[{"href":"https:\/\/agora.xtec.cat\/escolacollserolacerdanyola\/wp-json\/wp\/v2\/posts"}],"about":[{"href":"https:\/\/agora.xtec.cat\/escolacollserolacerdanyola\/wp-json\/wp\/v2\/types\/post"}],"author":[{"embeddable":true,"href":"https:\/\/agora.xtec.cat\/escolacollserolacerdanyola\/wp-json\/wp\/v2\/users\/9"}],"replies":[{"embeddable":true,"href":"https:\/\/agora.xtec.cat\/escolacollserolacerdanyola\/wp-json\/wp\/v2\/comments?post=26115"}],"version-history":[{"count":1,"href":"https:\/\/agora.xtec.cat\/escolacollserolacerdanyola\/wp-json\/wp\/v2\/posts\/26115\/revisions"}],"predecessor-version":[{"id":26132,"href":"https:\/\/agora.xtec.cat\/escolacollserolacerdanyola\/wp-json\/wp\/v2\/posts\/26115\/revisions\/26132"}],"wp:featuredmedia":[{"embeddable":true,"href":"https:\/\/agora.xtec.cat\/escolacollserolacerdanyola\/wp-json\/wp\/v2\/media\/26131"}],"wp:attachment":[{"href":"https:\/\/agora.xtec.cat\/escolacollserolacerdanyola\/wp-json\/wp\/v2\/media?parent=26115"}],"wp:term":[{"taxonomy":"category","embeddable":true,"href":"https:\/\/agora.xtec.cat\/escolacollserolacerdanyola\/wp-json\/wp\/v2\/categories?post=26115"},{"taxonomy":"post_tag","embeddable":true,"href":"https:\/\/agora.xtec.cat\/escolacollserolacerdanyola\/wp-json\/wp\/v2\/tags?post=26115"}],"curies":[{"name":"wp","href":"https:\/\/api.w.org\/{rel}","templated":true}]}}