{"id":26112,"date":"2022-11-03T13:55:54","date_gmt":"2022-11-03T12:55:54","guid":{"rendered":"https:\/\/agora.xtec.cat\/escolacollserolacerdanyola\/?p=26112"},"modified":"2022-11-03T13:56:00","modified_gmt":"2022-11-03T12:56:00","slug":"6e-sortida-a-la-lilliput","status":"publish","type":"post","link":"https:\/\/agora.xtec.cat\/escolacollserolacerdanyola\/portadageneral\/6e-sortida-a-la-lilliput\/","title":{"rendered":"6\u00e8. Sortida a la Lilliput"},"content":{"rendered":"<p>Durant el mes de setembre vam anar a visitar la llibreria Lilliput, on la N\u00faria ens va rebre tan b\u00e9 com sempre. Ens va fer una proposta de diferents llibres per nosaltres, ens els va presentar i vam triar el que m\u00e9s va agradar a la majoria.<\/p>\n<p>&nbsp;<\/p>\n<p>Aqu\u00ed teniu el recull de fotos del dia de la sortida, vam aprofitar el dia per esmorzar a la Pla\u00e7a Sant Ramon i per jugar una estona al Parc del Turonet.<\/p>\n<p><a href=\"https:\/\/photos.app.goo.gl\/bFkaFdCUR8yipWjb9\">Sortida Lilliput<\/a><\/p>\n","protected":false},"excerpt":{"rendered":"<p>Durant el mes de setembre vam anar a visitar la llibreria Lilliput, on la N\u00faria ens va rebre tan b\u00e9 com sempre. Ens va fer una proposta de diferents llibres per nosaltres, ens els va presentar i vam triar el que m\u00e9s va agradar a&hellip;  <a href=\"https:\/\/agora.xtec.cat\/escolacollserolacerdanyola\/portadageneral\/6e-sortida-a-la-lilliput\/\" title=\"Read 6\u00e8. Sortida a la Lilliput\">Llegeix m\u00e9s\u00bb<\/a><\/p>\n","protected":false},"author":9,"featured_media":26113,"comment_status":"open","ping_status":"closed","sticky":false,"template":"","format":"standard","meta":{"_bbp_topic_count":0,"_bbp_reply_count":0,"_bbp_total_topic_count":0,"_bbp_total_reply_count":0,"_bbp_voice_count":0,"_bbp_anonymous_reply_count":0,"_bbp_topic_count_hidden":0,"_bbp_reply_count_hidden":0,"_bbp_forum_subforum_count":0,"footnotes":""},"categories":[15,86,1,5,93],"tags":[],"class_list":["post-26112","post","type-post","status-publish","format-standard","has-post-thumbnail","hentry","category-6e","category-grans","category-portadageneral","category-de-1r-a-6e","category-sortides"],"post_mailing_queue_ids":[],"_links":{"self":[{"href":"https:\/\/agora.xtec.cat\/escolacollserolacerdanyola\/wp-json\/wp\/v2\/posts\/26112","targetHints":{"allow":["GET"]}}],"collection":[{"href":"https:\/\/agora.xtec.cat\/escolacollserolacerdanyola\/wp-json\/wp\/v2\/posts"}],"about":[{"href":"https:\/\/agora.xtec.cat\/escolacollserolacerdanyola\/wp-json\/wp\/v2\/types\/post"}],"author":[{"embeddable":true,"href":"https:\/\/agora.xtec.cat\/escolacollserolacerdanyola\/wp-json\/wp\/v2\/users\/9"}],"replies":[{"embeddable":true,"href":"https:\/\/agora.xtec.cat\/escolacollserolacerdanyola\/wp-json\/wp\/v2\/comments?post=26112"}],"version-history":[{"count":1,"href":"https:\/\/agora.xtec.cat\/escolacollserolacerdanyola\/wp-json\/wp\/v2\/posts\/26112\/revisions"}],"predecessor-version":[{"id":26114,"href":"https:\/\/agora.xtec.cat\/escolacollserolacerdanyola\/wp-json\/wp\/v2\/posts\/26112\/revisions\/26114"}],"wp:featuredmedia":[{"embeddable":true,"href":"https:\/\/agora.xtec.cat\/escolacollserolacerdanyola\/wp-json\/wp\/v2\/media\/26113"}],"wp:attachment":[{"href":"https:\/\/agora.xtec.cat\/escolacollserolacerdanyola\/wp-json\/wp\/v2\/media?parent=26112"}],"wp:term":[{"taxonomy":"category","embeddable":true,"href":"https:\/\/agora.xtec.cat\/escolacollserolacerdanyola\/wp-json\/wp\/v2\/categories?post=26112"},{"taxonomy":"post_tag","embeddable":true,"href":"https:\/\/agora.xtec.cat\/escolacollserolacerdanyola\/wp-json\/wp\/v2\/tags?post=26112"}],"curies":[{"name":"wp","href":"https:\/\/api.w.org\/{rel}","templated":true}]}}