{"id":26070,"date":"2022-10-01T22:24:37","date_gmt":"2022-10-01T20:24:37","guid":{"rendered":"https:\/\/agora.xtec.cat\/escolacollserolacerdanyola\/?p=26070"},"modified":"2022-11-17T10:55:38","modified_gmt":"2022-11-17T09:55:38","slug":"benvinguda-al-cicle-de-grans","status":"publish","type":"post","link":"https:\/\/agora.xtec.cat\/escolacollserolacerdanyola\/de-1r-a-6e\/4t\/benvinguda-al-cicle-de-grans\/","title":{"rendered":"Benvinguda al cicle de grans"},"content":{"rendered":"<p>L&#8217;alumnat de 5\u00e8 i 6\u00e8, durant la primera setmana de curs, va preparar unes activitats per donar la benvinguda al cicle de grans a les companyes i companys de 4t.<\/p>\n<p>Despr\u00e9s de l&#8217;acte de benvinguda on l&#8217;alumnat de 5\u00e8 i 6\u00e8 va repartir unes medalles, vam poder gaudir d&#8217;una estona de jocs plegats i d&#8217;un polin per refrescar-nos!!<\/p>\n<p><a href=\"https:\/\/photos.app.goo.gl\/Zf6SHV6U6RJgdZ4B6\">Benvinguda a 4t<\/a><\/p>\n","protected":false},"excerpt":{"rendered":"<p>L&#8217;alumnat de 5\u00e8 i 6\u00e8, durant la primera setmana de curs, va preparar unes activitats per donar la benvinguda al cicle de grans a les companyes i companys de 4t.<br \/>\nDespr\u00e9s de l&#8217;acte de benvinguda on l&#8217;alumnat de 5\u00e8 i 6\u00e8 va repartir unes medalles, vam&hellip;  <a href=\"https:\/\/agora.xtec.cat\/escolacollserolacerdanyola\/de-1r-a-6e\/4t\/benvinguda-al-cicle-de-grans\/\" title=\"Read Benvinguda al cicle de grans\">Llegeix m\u00e9s\u00bb<\/a><\/p>\n","protected":false},"author":9,"featured_media":26071,"comment_status":"open","ping_status":"closed","sticky":false,"template":"","format":"standard","meta":{"_bbp_topic_count":0,"_bbp_reply_count":0,"_bbp_total_topic_count":0,"_bbp_total_reply_count":0,"_bbp_voice_count":0,"_bbp_anonymous_reply_count":0,"_bbp_topic_count_hidden":0,"_bbp_reply_count_hidden":0,"_bbp_forum_subforum_count":0,"footnotes":""},"categories":[13,14,15,86,85],"tags":[],"class_list":["post-26070","post","type-post","status-publish","format-standard","has-post-thumbnail","hentry","category-4t","category-5e","category-6e","category-grans","category-mitjans"],"post_mailing_queue_ids":[],"_links":{"self":[{"href":"https:\/\/agora.xtec.cat\/escolacollserolacerdanyola\/wp-json\/wp\/v2\/posts\/26070","targetHints":{"allow":["GET"]}}],"collection":[{"href":"https:\/\/agora.xtec.cat\/escolacollserolacerdanyola\/wp-json\/wp\/v2\/posts"}],"about":[{"href":"https:\/\/agora.xtec.cat\/escolacollserolacerdanyola\/wp-json\/wp\/v2\/types\/post"}],"author":[{"embeddable":true,"href":"https:\/\/agora.xtec.cat\/escolacollserolacerdanyola\/wp-json\/wp\/v2\/users\/9"}],"replies":[{"embeddable":true,"href":"https:\/\/agora.xtec.cat\/escolacollserolacerdanyola\/wp-json\/wp\/v2\/comments?post=26070"}],"version-history":[{"count":1,"href":"https:\/\/agora.xtec.cat\/escolacollserolacerdanyola\/wp-json\/wp\/v2\/posts\/26070\/revisions"}],"predecessor-version":[{"id":26072,"href":"https:\/\/agora.xtec.cat\/escolacollserolacerdanyola\/wp-json\/wp\/v2\/posts\/26070\/revisions\/26072"}],"wp:featuredmedia":[{"embeddable":true,"href":"https:\/\/agora.xtec.cat\/escolacollserolacerdanyola\/wp-json\/wp\/v2\/media\/26071"}],"wp:attachment":[{"href":"https:\/\/agora.xtec.cat\/escolacollserolacerdanyola\/wp-json\/wp\/v2\/media?parent=26070"}],"wp:term":[{"taxonomy":"category","embeddable":true,"href":"https:\/\/agora.xtec.cat\/escolacollserolacerdanyola\/wp-json\/wp\/v2\/categories?post=26070"},{"taxonomy":"post_tag","embeddable":true,"href":"https:\/\/agora.xtec.cat\/escolacollserolacerdanyola\/wp-json\/wp\/v2\/tags?post=26070"}],"curies":[{"name":"wp","href":"https:\/\/api.w.org\/{rel}","templated":true}]}}