{"id":26057,"date":"2022-10-25T21:49:29","date_gmt":"2022-10-25T19:49:29","guid":{"rendered":"https:\/\/agora.xtec.cat\/escolacollserolacerdanyola\/?p=26057"},"modified":"2022-10-25T22:06:07","modified_gmt":"2022-10-25T20:06:07","slug":"sortida-a-sant-iscle-i-la-vall-de-les-feixes","status":"publish","type":"post","link":"https:\/\/agora.xtec.cat\/escolacollserolacerdanyola\/de-1r-a-6e\/5e\/sortida-a-sant-iscle-i-la-vall-de-les-feixes\/","title":{"rendered":"5\u00e8 Sortides a l&#8217;octubre"},"content":{"rendered":"<p><strong><span style=\"text-decoration: underline\">Sortida a Sant Iscle i la Vall de les Feixes<\/span><\/strong><\/p>\n<p>El passat divendres 14 d&#8217;octubre els i les alumnes de la classe del fons mar\u00ed vam fer la primera sortida del curs. Durant tot un mat\u00ed vam fer una bona passejada per la Vall de les Feixes i vam entrar a les esgl\u00e8sies de Santa Maria i Sant Iscle. En aquesta visita vam descobrir els or\u00edgens de Cerdanyola que es remonten a l&#8217;edat mitjana i la import\u00e0ncia de la ubicaci\u00f3 i el paper d&#8217;aquestes dues esgl\u00e8sies en el or\u00edgens de la nostra ciutat.<\/p>\n<p>Podeu veure fotos de la sortida en el seg\u00fcent enlla\u00e7:<\/p>\n<p><a href=\"https:\/\/photos.app.goo.gl\/18sqpGJhkbcYPsxQ6\">Sortida Sant Iscle i Vall de les Feixes<\/a><\/p>\n<p><strong><span style=\"text-decoration: underline\">Visita llibreria Lilliput<\/span><\/strong><\/p>\n<p>Al mes d&#8217;octubre tamb\u00e9 vam fer una visita a una de les llibreries de la nostra ciutat on la llibretera, la N\u00faria ens va ensenyar una proposta de lectures que ens van agradar molt. D&#8217;entre totes elles vam escollir el llibre que llegirem de forma col\u00b7lectiva a l&#8217;aula.<\/p>\n<p><a href=\"https:\/\/photos.app.goo.gl\/c5ZkCkw7EVWjZFpa7\">Visita Lilliput<\/a><\/p>\n","protected":false},"excerpt":{"rendered":"<p>Sortida a Sant Iscle i la Vall de les Feixes<br \/>\nEl passat divendres 14 d&#8217;octubre els i les alumnes de la classe del fons mar\u00ed vam fer la primera sortida del curs. Durant tot un mat\u00ed vam fer una bona passejada per la Vall de les&hellip;  <a href=\"https:\/\/agora.xtec.cat\/escolacollserolacerdanyola\/de-1r-a-6e\/5e\/sortida-a-sant-iscle-i-la-vall-de-les-feixes\/\" title=\"Read 5\u00e8 Sortides a l&#8217;octubre\">Llegeix m\u00e9s\u00bb<\/a><\/p>\n","protected":false},"author":9,"featured_media":26058,"comment_status":"open","ping_status":"closed","sticky":false,"template":"","format":"standard","meta":{"_bbp_topic_count":0,"_bbp_reply_count":0,"_bbp_total_topic_count":0,"_bbp_total_reply_count":0,"_bbp_voice_count":0,"_bbp_anonymous_reply_count":0,"_bbp_topic_count_hidden":0,"_bbp_reply_count_hidden":0,"_bbp_forum_subforum_count":0,"footnotes":""},"categories":[14,86,93,94],"tags":[],"class_list":["post-26057","post","type-post","status-publish","format-standard","has-post-thumbnail","hentry","category-5e","category-grans","category-sortides","category-sortides-culturals"],"post_mailing_queue_ids":[],"_links":{"self":[{"href":"https:\/\/agora.xtec.cat\/escolacollserolacerdanyola\/wp-json\/wp\/v2\/posts\/26057","targetHints":{"allow":["GET"]}}],"collection":[{"href":"https:\/\/agora.xtec.cat\/escolacollserolacerdanyola\/wp-json\/wp\/v2\/posts"}],"about":[{"href":"https:\/\/agora.xtec.cat\/escolacollserolacerdanyola\/wp-json\/wp\/v2\/types\/post"}],"author":[{"embeddable":true,"href":"https:\/\/agora.xtec.cat\/escolacollserolacerdanyola\/wp-json\/wp\/v2\/users\/9"}],"replies":[{"embeddable":true,"href":"https:\/\/agora.xtec.cat\/escolacollserolacerdanyola\/wp-json\/wp\/v2\/comments?post=26057"}],"version-history":[{"count":2,"href":"https:\/\/agora.xtec.cat\/escolacollserolacerdanyola\/wp-json\/wp\/v2\/posts\/26057\/revisions"}],"predecessor-version":[{"id":26066,"href":"https:\/\/agora.xtec.cat\/escolacollserolacerdanyola\/wp-json\/wp\/v2\/posts\/26057\/revisions\/26066"}],"wp:featuredmedia":[{"embeddable":true,"href":"https:\/\/agora.xtec.cat\/escolacollserolacerdanyola\/wp-json\/wp\/v2\/media\/26058"}],"wp:attachment":[{"href":"https:\/\/agora.xtec.cat\/escolacollserolacerdanyola\/wp-json\/wp\/v2\/media?parent=26057"}],"wp:term":[{"taxonomy":"category","embeddable":true,"href":"https:\/\/agora.xtec.cat\/escolacollserolacerdanyola\/wp-json\/wp\/v2\/categories?post=26057"},{"taxonomy":"post_tag","embeddable":true,"href":"https:\/\/agora.xtec.cat\/escolacollserolacerdanyola\/wp-json\/wp\/v2\/tags?post=26057"}],"curies":[{"name":"wp","href":"https:\/\/api.w.org\/{rel}","templated":true}]}}