{"id":26045,"date":"2022-10-17T19:51:02","date_gmt":"2022-10-17T17:51:02","guid":{"rendered":"https:\/\/agora.xtec.cat\/escolacollserolacerdanyola\/?p=26045"},"modified":"2022-10-17T19:51:50","modified_gmt":"2022-10-17T17:51:50","slug":"p4-els-primes-dies-de-classe","status":"publish","type":"post","link":"https:\/\/agora.xtec.cat\/escolacollserolacerdanyola\/ei3-ei4-ei5\/ei4\/p4-els-primes-dies-de-classe\/","title":{"rendered":"P4 Els primes dies de classe"},"content":{"rendered":"<p>Benvolgudes fam\u00edlies!!<\/p>\n<p style=\"text-align: center\">Us adjunto\u00a0 la presentaci\u00f3 de la reuni\u00f3 de fam\u00edlies de P4 els UNICORNS i el v\u00eddeo amb les imatges dels primers dies de classe<\/p>\n<p style=\"text-align: center\"><a href=\"https:\/\/photos.app.goo.gl\/LudqLg9GXboDpzCP8\">CLICA\u00a0 A LA FOTO I VEUREU<br \/>\n<img loading=\"lazy\" decoding=\"async\" class=\"size-medium wp-image-26046 aligncenter\" src=\"https:\/\/agora.xtec.cat\/escolacollserolacerdanyola\/wp-content\/uploads\/usu1390\/2022\/10\/1-300x212.jpg\" alt=\"\" width=\"300\" height=\"212\" srcset=\"https:\/\/agora.xtec.cat\/escolacollserolacerdanyola\/wp-content\/uploads\/usu1390\/2022\/10\/1-300x212.jpg 300w, https:\/\/agora.xtec.cat\/escolacollserolacerdanyola\/wp-content\/uploads\/usu1390\/2022\/10\/1-1024x724.jpg 1024w, https:\/\/agora.xtec.cat\/escolacollserolacerdanyola\/wp-content\/uploads\/usu1390\/2022\/10\/1-768x543.jpg 768w, https:\/\/agora.xtec.cat\/escolacollserolacerdanyola\/wp-content\/uploads\/usu1390\/2022\/10\/1-1536x1086.jpg 1536w, https:\/\/agora.xtec.cat\/escolacollserolacerdanyola\/wp-content\/uploads\/usu1390\/2022\/10\/1-2048x1448.jpg 2048w\" sizes=\"auto, (max-width: 300px) 100vw, 300px\" \/><\/a><\/p>\n<p style=\"text-align: center\"><a href=\"https:\/\/photos.app.goo.gl\/XgedmEpxmy6TVsV8A\">VIDEO PRIMERS DIES DE CLASSE<\/a><\/p>\n","protected":false},"excerpt":{"rendered":"<p>Benvolgudes fam\u00edlies!!<br \/>\nUs adjunto\u00a0 la presentaci\u00f3 de la reuni\u00f3 de fam\u00edlies de P4 els UNICORNS i el v\u00eddeo amb les imatges dels primers dies de classe<br \/>\n<a href=\"https:\/\/photos.app.goo.gl\/LudqLg9GXboDpzCP8\">CLICA\u00a0 A LA FOTO I VEUREU<br \/>\n<\/a><br \/>\n<a href=\"https:\/\/photos.app.goo.gl\/XgedmEpxmy6TVsV8A\">VIDEO PRIMERS DIES DE CLASSE<\/a><\/p>\n","protected":false},"author":6,"featured_media":26046,"comment_status":"open","ping_status":"closed","sticky":false,"template":"","format":"standard","meta":{"_bbp_topic_count":0,"_bbp_reply_count":0,"_bbp_total_topic_count":0,"_bbp_total_reply_count":0,"_bbp_voice_count":0,"_bbp_anonymous_reply_count":0,"_bbp_topic_count_hidden":0,"_bbp_reply_count_hidden":0,"_bbp_forum_subforum_count":0,"footnotes":""},"categories":[8],"tags":[],"class_list":["post-26045","post","type-post","status-publish","format-standard","has-post-thumbnail","hentry","category-ei4"],"post_mailing_queue_ids":[],"_links":{"self":[{"href":"https:\/\/agora.xtec.cat\/escolacollserolacerdanyola\/wp-json\/wp\/v2\/posts\/26045","targetHints":{"allow":["GET"]}}],"collection":[{"href":"https:\/\/agora.xtec.cat\/escolacollserolacerdanyola\/wp-json\/wp\/v2\/posts"}],"about":[{"href":"https:\/\/agora.xtec.cat\/escolacollserolacerdanyola\/wp-json\/wp\/v2\/types\/post"}],"author":[{"embeddable":true,"href":"https:\/\/agora.xtec.cat\/escolacollserolacerdanyola\/wp-json\/wp\/v2\/users\/6"}],"replies":[{"embeddable":true,"href":"https:\/\/agora.xtec.cat\/escolacollserolacerdanyola\/wp-json\/wp\/v2\/comments?post=26045"}],"version-history":[{"count":2,"href":"https:\/\/agora.xtec.cat\/escolacollserolacerdanyola\/wp-json\/wp\/v2\/posts\/26045\/revisions"}],"predecessor-version":[{"id":26048,"href":"https:\/\/agora.xtec.cat\/escolacollserolacerdanyola\/wp-json\/wp\/v2\/posts\/26045\/revisions\/26048"}],"wp:featuredmedia":[{"embeddable":true,"href":"https:\/\/agora.xtec.cat\/escolacollserolacerdanyola\/wp-json\/wp\/v2\/media\/26046"}],"wp:attachment":[{"href":"https:\/\/agora.xtec.cat\/escolacollserolacerdanyola\/wp-json\/wp\/v2\/media?parent=26045"}],"wp:term":[{"taxonomy":"category","embeddable":true,"href":"https:\/\/agora.xtec.cat\/escolacollserolacerdanyola\/wp-json\/wp\/v2\/categories?post=26045"},{"taxonomy":"post_tag","embeddable":true,"href":"https:\/\/agora.xtec.cat\/escolacollserolacerdanyola\/wp-json\/wp\/v2\/tags?post=26045"}],"curies":[{"name":"wp","href":"https:\/\/api.w.org\/{rel}","templated":true}]}}