{"id":26042,"date":"2022-10-14T00:13:11","date_gmt":"2022-10-13T22:13:11","guid":{"rendered":"https:\/\/agora.xtec.cat\/escolacollserolacerdanyola\/?p=26042"},"modified":"2022-10-14T00:13:11","modified_gmt":"2022-10-13T22:13:11","slug":"eleccions-a-delegat-i-delegada","status":"publish","type":"post","link":"https:\/\/agora.xtec.cat\/escolacollserolacerdanyola\/de-1r-a-6e\/eleccions-a-delegat-i-delegada\/","title":{"rendered":"Eleccions a delegat i delegada"},"content":{"rendered":"<p>Una altra de les activitats d&#8217;inici de curs \u00e9s l&#8217;elecci\u00f3 del delegat i delegada de curs, aix\u00f2 es fa mitjan\u00e7ant unes eleccions, les persones que volen oferir-se per aquest c\u00e0rrec, preparen la seva candidatura, l&#8217;exposen a classe, i un cop s&#8217;ha presentat tothom, es tria el sistema de votaci\u00f3: quantes rondes, quantes persones candidates en cada cas&#8230;Quan estan clares les regles del proc\u00e9s, es fa la votaci\u00f3 en paper, de forma individual i an\u00f2nima, s&#8217;introdueixen els vots en la urna, i posteriorment, la persona m\u00e9s petita i m\u00e9s gran de la classe, fa el recompte de vots, fins a obtenir el resultat final.\u00a0\u00c9s un proc\u00e9s molt enriquidor i que genera molta emoci\u00f3 i nervis entre els nens i nenes, tot i que a vegades tamb\u00e9 hi ha qui s&#8217;emporta un disgust, ja que no \u00e9s f\u00e0cil acceptar la derrota, per\u00f2 tothom ho va acceptar amistosament.\u00a0 Ja tenim delegat i delegada!<\/p>\n<p><a href=\"https:\/\/photos.app.goo.gl\/yLAKppZeJKTi4qbK7\">Eleccions<\/a><\/p>\n","protected":false},"excerpt":{"rendered":"<p>Una altra de les activitats d&#8217;inici de curs \u00e9s l&#8217;elecci\u00f3 del delegat i delegada de curs, aix\u00f2 es fa mitjan\u00e7ant unes eleccions, les persones que volen oferir-se per aquest c\u00e0rrec, preparen la seva candidatura, l&#8217;exposen a classe, i un cop s&#8217;ha presentat tothom, es tria&hellip;  <a href=\"https:\/\/agora.xtec.cat\/escolacollserolacerdanyola\/de-1r-a-6e\/eleccions-a-delegat-i-delegada\/\" title=\"Read Eleccions a delegat i delegada\">Llegeix m\u00e9s\u00bb<\/a><\/p>\n","protected":false},"author":9,"featured_media":26043,"comment_status":"open","ping_status":"closed","sticky":false,"template":"","format":"standard","meta":{"_bbp_topic_count":0,"_bbp_reply_count":0,"_bbp_total_topic_count":0,"_bbp_total_reply_count":0,"_bbp_voice_count":0,"_bbp_anonymous_reply_count":0,"_bbp_topic_count_hidden":0,"_bbp_reply_count_hidden":0,"_bbp_forum_subforum_count":0,"footnotes":""},"categories":[15,86,5],"tags":[],"class_list":["post-26042","post","type-post","status-publish","format-standard","has-post-thumbnail","hentry","category-6e","category-grans","category-de-1r-a-6e"],"post_mailing_queue_ids":[],"_links":{"self":[{"href":"https:\/\/agora.xtec.cat\/escolacollserolacerdanyola\/wp-json\/wp\/v2\/posts\/26042","targetHints":{"allow":["GET"]}}],"collection":[{"href":"https:\/\/agora.xtec.cat\/escolacollserolacerdanyola\/wp-json\/wp\/v2\/posts"}],"about":[{"href":"https:\/\/agora.xtec.cat\/escolacollserolacerdanyola\/wp-json\/wp\/v2\/types\/post"}],"author":[{"embeddable":true,"href":"https:\/\/agora.xtec.cat\/escolacollserolacerdanyola\/wp-json\/wp\/v2\/users\/9"}],"replies":[{"embeddable":true,"href":"https:\/\/agora.xtec.cat\/escolacollserolacerdanyola\/wp-json\/wp\/v2\/comments?post=26042"}],"version-history":[{"count":1,"href":"https:\/\/agora.xtec.cat\/escolacollserolacerdanyola\/wp-json\/wp\/v2\/posts\/26042\/revisions"}],"predecessor-version":[{"id":26044,"href":"https:\/\/agora.xtec.cat\/escolacollserolacerdanyola\/wp-json\/wp\/v2\/posts\/26042\/revisions\/26044"}],"wp:featuredmedia":[{"embeddable":true,"href":"https:\/\/agora.xtec.cat\/escolacollserolacerdanyola\/wp-json\/wp\/v2\/media\/26043"}],"wp:attachment":[{"href":"https:\/\/agora.xtec.cat\/escolacollserolacerdanyola\/wp-json\/wp\/v2\/media?parent=26042"}],"wp:term":[{"taxonomy":"category","embeddable":true,"href":"https:\/\/agora.xtec.cat\/escolacollserolacerdanyola\/wp-json\/wp\/v2\/categories?post=26042"},{"taxonomy":"post_tag","embeddable":true,"href":"https:\/\/agora.xtec.cat\/escolacollserolacerdanyola\/wp-json\/wp\/v2\/tags?post=26042"}],"curies":[{"name":"wp","href":"https:\/\/api.w.org\/{rel}","templated":true}]}}