{"id":26039,"date":"2022-10-14T00:05:56","date_gmt":"2022-10-13T22:05:56","guid":{"rendered":"https:\/\/agora.xtec.cat\/escolacollserolacerdanyola\/?p=26039"},"modified":"2023-02-15T18:25:44","modified_gmt":"2023-02-15T17:25:44","slug":"musica-i-color","status":"publish","type":"post","link":"https:\/\/agora.xtec.cat\/escolacollserolacerdanyola\/de-1r-a-6e\/musica-i-color\/","title":{"rendered":"Art"},"content":{"rendered":"<p>En aquest v\u00eddeo podreu veure una activitat art\u00edstica que vam fer, on s&#8217;havia de pintar seguint all\u00f2 que et transmetia la m\u00fasica, sense pensar, nom\u00e9s deixant-se sentir. Al principi va costar, per\u00f2 mica en mica es van anar deixant portar i van gaudir de l&#8217;experi\u00e8ncia.<\/p>\n<p>Us animeu a provar-ho a casa? La idea \u00e9s buscar m\u00fasiques diferents, que contrastin, i veure qu\u00e8 et diu el cos, quins colors, quins moviments et demana en cada moment. \u00c9s molt relaxant i m\u00e9s ajuda al proc\u00e9s creatiu.<\/p>\n<p>&nbsp;<\/p>\n<p>Tamb\u00e9 podreu veure altres imatges d&#8217;altres activitats art\u00edstiques<\/p>\n<p><a href=\"https:\/\/photos.app.goo.gl\/TDoRtCCN6atGKqY3A\">Art<\/a><\/p>\n","protected":false},"excerpt":{"rendered":"<p>En aquest v\u00eddeo podreu veure una activitat art\u00edstica que vam fer, on s&#8217;havia de pintar seguint all\u00f2 que et transmetia la m\u00fasica, sense pensar, nom\u00e9s deixant-se sentir. Al principi va costar, per\u00f2 mica en mica es van anar deixant portar i van gaudir de l&#8217;experi\u00e8ncia.<br \/>\nUs&hellip;  <a href=\"https:\/\/agora.xtec.cat\/escolacollserolacerdanyola\/de-1r-a-6e\/musica-i-color\/\" title=\"Read Art\">Llegeix m\u00e9s\u00bb<\/a><\/p>\n","protected":false},"author":9,"featured_media":26040,"comment_status":"open","ping_status":"closed","sticky":false,"template":"","format":"standard","meta":{"_bbp_topic_count":0,"_bbp_reply_count":0,"_bbp_total_topic_count":0,"_bbp_total_reply_count":0,"_bbp_voice_count":0,"_bbp_anonymous_reply_count":0,"_bbp_topic_count_hidden":0,"_bbp_reply_count_hidden":0,"_bbp_forum_subforum_count":0,"footnotes":""},"categories":[15,86,5],"tags":[],"class_list":["post-26039","post","type-post","status-publish","format-standard","has-post-thumbnail","hentry","category-6e","category-grans","category-de-1r-a-6e"],"post_mailing_queue_ids":[],"_links":{"self":[{"href":"https:\/\/agora.xtec.cat\/escolacollserolacerdanyola\/wp-json\/wp\/v2\/posts\/26039","targetHints":{"allow":["GET"]}}],"collection":[{"href":"https:\/\/agora.xtec.cat\/escolacollserolacerdanyola\/wp-json\/wp\/v2\/posts"}],"about":[{"href":"https:\/\/agora.xtec.cat\/escolacollserolacerdanyola\/wp-json\/wp\/v2\/types\/post"}],"author":[{"embeddable":true,"href":"https:\/\/agora.xtec.cat\/escolacollserolacerdanyola\/wp-json\/wp\/v2\/users\/9"}],"replies":[{"embeddable":true,"href":"https:\/\/agora.xtec.cat\/escolacollserolacerdanyola\/wp-json\/wp\/v2\/comments?post=26039"}],"version-history":[{"count":2,"href":"https:\/\/agora.xtec.cat\/escolacollserolacerdanyola\/wp-json\/wp\/v2\/posts\/26039\/revisions"}],"predecessor-version":[{"id":26782,"href":"https:\/\/agora.xtec.cat\/escolacollserolacerdanyola\/wp-json\/wp\/v2\/posts\/26039\/revisions\/26782"}],"wp:featuredmedia":[{"embeddable":true,"href":"https:\/\/agora.xtec.cat\/escolacollserolacerdanyola\/wp-json\/wp\/v2\/media\/26040"}],"wp:attachment":[{"href":"https:\/\/agora.xtec.cat\/escolacollserolacerdanyola\/wp-json\/wp\/v2\/media?parent=26039"}],"wp:term":[{"taxonomy":"category","embeddable":true,"href":"https:\/\/agora.xtec.cat\/escolacollserolacerdanyola\/wp-json\/wp\/v2\/categories?post=26039"},{"taxonomy":"post_tag","embeddable":true,"href":"https:\/\/agora.xtec.cat\/escolacollserolacerdanyola\/wp-json\/wp\/v2\/tags?post=26039"}],"curies":[{"name":"wp","href":"https:\/\/api.w.org\/{rel}","templated":true}]}}