{"id":25941,"date":"2022-07-06T17:07:39","date_gmt":"2022-07-06T15:07:39","guid":{"rendered":"https:\/\/agora.xtec.cat\/escolacollserolacerdanyola\/?p=25941"},"modified":"2022-07-06T17:07:39","modified_gmt":"2022-07-06T15:07:39","slug":"ultims-dies","status":"publish","type":"post","link":"https:\/\/agora.xtec.cat\/escolacollserolacerdanyola\/de-1r-a-6e\/ultims-dies\/","title":{"rendered":"\u00daltims dies!"},"content":{"rendered":"<p>Els darrers dies vam fer diferents activitats: fer tapes dels \u00e0lbums, un partit de futbol entre cinqu\u00e8 i sis\u00e8, vam anar al cinema a l&#8217;Ateneu, vam fer maquetes sobre el relleu de Catalunya, vam preparar actes per la jubilaci\u00f3 de la Consol i vam celebrar el darrer dia de curs. Va ser una setmana amb els sentiments a flor de pell!<\/p>\n<p><a href=\"https:\/\/photos.app.goo.gl\/xSiVJcbc51GMATtP9\">\u00daltims dies<\/a><\/p>\n","protected":false},"excerpt":{"rendered":"<p>Els darrers dies vam fer diferents activitats: fer tapes dels \u00e0lbums, un partit de futbol entre cinqu\u00e8 i sis\u00e8, vam anar al cinema a l&#8217;Ateneu, vam fer maquetes sobre el relleu de Catalunya, vam preparar actes per la jubilaci\u00f3 de la Consol i vam celebrar&hellip;  <a href=\"https:\/\/agora.xtec.cat\/escolacollserolacerdanyola\/de-1r-a-6e\/ultims-dies\/\" title=\"Read \u00daltims dies!\">Llegeix m\u00e9s\u00bb<\/a><\/p>\n","protected":false},"author":9,"featured_media":25942,"comment_status":"open","ping_status":"closed","sticky":false,"template":"","format":"standard","meta":{"_bbp_topic_count":0,"_bbp_reply_count":0,"_bbp_total_topic_count":0,"_bbp_total_reply_count":0,"_bbp_voice_count":0,"_bbp_anonymous_reply_count":0,"_bbp_topic_count_hidden":0,"_bbp_reply_count_hidden":0,"_bbp_forum_subforum_count":0,"footnotes":""},"categories":[14,86,5],"tags":[],"class_list":["post-25941","post","type-post","status-publish","format-standard","has-post-thumbnail","hentry","category-5e","category-grans","category-de-1r-a-6e"],"post_mailing_queue_ids":[],"_links":{"self":[{"href":"https:\/\/agora.xtec.cat\/escolacollserolacerdanyola\/wp-json\/wp\/v2\/posts\/25941","targetHints":{"allow":["GET"]}}],"collection":[{"href":"https:\/\/agora.xtec.cat\/escolacollserolacerdanyola\/wp-json\/wp\/v2\/posts"}],"about":[{"href":"https:\/\/agora.xtec.cat\/escolacollserolacerdanyola\/wp-json\/wp\/v2\/types\/post"}],"author":[{"embeddable":true,"href":"https:\/\/agora.xtec.cat\/escolacollserolacerdanyola\/wp-json\/wp\/v2\/users\/9"}],"replies":[{"embeddable":true,"href":"https:\/\/agora.xtec.cat\/escolacollserolacerdanyola\/wp-json\/wp\/v2\/comments?post=25941"}],"version-history":[{"count":1,"href":"https:\/\/agora.xtec.cat\/escolacollserolacerdanyola\/wp-json\/wp\/v2\/posts\/25941\/revisions"}],"predecessor-version":[{"id":25943,"href":"https:\/\/agora.xtec.cat\/escolacollserolacerdanyola\/wp-json\/wp\/v2\/posts\/25941\/revisions\/25943"}],"wp:featuredmedia":[{"embeddable":true,"href":"https:\/\/agora.xtec.cat\/escolacollserolacerdanyola\/wp-json\/wp\/v2\/media\/25942"}],"wp:attachment":[{"href":"https:\/\/agora.xtec.cat\/escolacollserolacerdanyola\/wp-json\/wp\/v2\/media?parent=25941"}],"wp:term":[{"taxonomy":"category","embeddable":true,"href":"https:\/\/agora.xtec.cat\/escolacollserolacerdanyola\/wp-json\/wp\/v2\/categories?post=25941"},{"taxonomy":"post_tag","embeddable":true,"href":"https:\/\/agora.xtec.cat\/escolacollserolacerdanyola\/wp-json\/wp\/v2\/tags?post=25941"}],"curies":[{"name":"wp","href":"https:\/\/api.w.org\/{rel}","templated":true}]}}