{"id":25910,"date":"2022-06-26T08:51:35","date_gmt":"2022-06-26T06:51:35","guid":{"rendered":"https:\/\/agora.xtec.cat\/escolacollserolacerdanyola\/?p=25910"},"modified":"2022-06-26T09:07:44","modified_gmt":"2022-06-26T07:07:44","slug":"festa-fi-de-curs-2022","status":"publish","type":"post","link":"https:\/\/agora.xtec.cat\/escolacollserolacerdanyola\/portadageneral\/festa-fi-de-curs-2022\/","title":{"rendered":"Festa FI de curs 2022"},"content":{"rendered":"<p><a href=\"https:\/\/photos.app.goo.gl\/WS6gw2e6dgToKJMx5\">Festa FI DE CURS 22<\/a><\/p>\n<p>Quin dia m\u00e9s intens i m\u00e9s bonic!<\/p>\n<p>Vam comen\u00e7ar amb la sorpresa a la nostra Consol en el seu \u00faltim dia de treball. La vam fer reina i totes les classes li van preparar una activitat.<\/p>\n<p>Tamb\u00e9 va ser l&#8217;\u00faltim dia de 6\u00e8 a l&#8217;escola. Mentre l&#8217;alumnat de 6\u00e8 estampava les mans al mur, la resta de companys i companyes dibuixaven i retallaven les seves mans, escrivint un missatge per a ells i elles. Tot seguit, 6\u00e8 ens va fer el seu ball i la resta de l&#8217;escola els hi va cantar una can\u00e7\u00f3 de comiat, ensenyant cartells amb els seus noms i les mans que havien retallat. Per \u00faltim nens i nenes van regalar els cartells i les seves mans a cada nen i nena de 6\u00e8.<\/p>\n<p>Vam acabar la festa tots i totes junts i juntes, esmorzant coca de Sant Joan. Estimats i estimades nens i nenes de 6\u00e8 us desitgem el millor del M\u00d3N!!! US trobarem molt a faltar!!!!<\/p>\n","protected":false},"excerpt":{"rendered":"<p><a href=\"https:\/\/photos.app.goo.gl\/WS6gw2e6dgToKJMx5\">Festa FI DE CURS 22<\/a><br \/>\nQuin dia m\u00e9s intens i m\u00e9s bonic!<br \/>\nVam comen\u00e7ar amb la sorpresa a la nostra Consol en el seu \u00faltim dia de treball. La vam fer reina i totes les classes li van preparar una activitat.<br \/>\nTamb\u00e9 va ser l&#8217;\u00faltim dia de&hellip;  <a href=\"https:\/\/agora.xtec.cat\/escolacollserolacerdanyola\/portadageneral\/festa-fi-de-curs-2022\/\" title=\"Read Festa FI de curs 2022\">Llegeix m\u00e9s\u00bb<\/a><\/p>\n","protected":false},"author":9,"featured_media":25911,"comment_status":"open","ping_status":"closed","sticky":false,"template":"","format":"standard","meta":{"_bbp_topic_count":0,"_bbp_reply_count":0,"_bbp_total_topic_count":0,"_bbp_total_reply_count":0,"_bbp_voice_count":0,"_bbp_anonymous_reply_count":0,"_bbp_topic_count_hidden":0,"_bbp_reply_count_hidden":0,"_bbp_forum_subforum_count":0,"footnotes":""},"categories":[10,11,12,13,14,15,2,3,8,9,1,4,5],"tags":[],"class_list":["post-25910","post","type-post","status-publish","format-standard","has-post-thumbnail","hentry","category-1r","category-2n","category-3r","category-4t","category-5e","category-6e","category-ei3-ei4-ei5","category-ei3","category-ei4","category-ei5","category-portadageneral","category-portada","category-de-1r-a-6e"],"post_mailing_queue_ids":[],"_links":{"self":[{"href":"https:\/\/agora.xtec.cat\/escolacollserolacerdanyola\/wp-json\/wp\/v2\/posts\/25910","targetHints":{"allow":["GET"]}}],"collection":[{"href":"https:\/\/agora.xtec.cat\/escolacollserolacerdanyola\/wp-json\/wp\/v2\/posts"}],"about":[{"href":"https:\/\/agora.xtec.cat\/escolacollserolacerdanyola\/wp-json\/wp\/v2\/types\/post"}],"author":[{"embeddable":true,"href":"https:\/\/agora.xtec.cat\/escolacollserolacerdanyola\/wp-json\/wp\/v2\/users\/9"}],"replies":[{"embeddable":true,"href":"https:\/\/agora.xtec.cat\/escolacollserolacerdanyola\/wp-json\/wp\/v2\/comments?post=25910"}],"version-history":[{"count":1,"href":"https:\/\/agora.xtec.cat\/escolacollserolacerdanyola\/wp-json\/wp\/v2\/posts\/25910\/revisions"}],"predecessor-version":[{"id":25912,"href":"https:\/\/agora.xtec.cat\/escolacollserolacerdanyola\/wp-json\/wp\/v2\/posts\/25910\/revisions\/25912"}],"wp:featuredmedia":[{"embeddable":true,"href":"https:\/\/agora.xtec.cat\/escolacollserolacerdanyola\/wp-json\/wp\/v2\/media\/25911"}],"wp:attachment":[{"href":"https:\/\/agora.xtec.cat\/escolacollserolacerdanyola\/wp-json\/wp\/v2\/media?parent=25910"}],"wp:term":[{"taxonomy":"category","embeddable":true,"href":"https:\/\/agora.xtec.cat\/escolacollserolacerdanyola\/wp-json\/wp\/v2\/categories?post=25910"},{"taxonomy":"post_tag","embeddable":true,"href":"https:\/\/agora.xtec.cat\/escolacollserolacerdanyola\/wp-json\/wp\/v2\/tags?post=25910"}],"curies":[{"name":"wp","href":"https:\/\/api.w.org\/{rel}","templated":true}]}}