{"id":25901,"date":"2022-06-25T09:11:33","date_gmt":"2022-06-25T07:11:33","guid":{"rendered":"https:\/\/agora.xtec.cat\/escolacollserolacerdanyola\/?p=25901"},"modified":"2022-06-25T09:12:00","modified_gmt":"2022-06-25T07:12:00","slug":"bon-estiu-superheroines-i-superherois","status":"publish","type":"post","link":"https:\/\/agora.xtec.cat\/escolacollserolacerdanyola\/ei3-ei4-ei5\/ei4\/bon-estiu-superheroines-i-superherois\/","title":{"rendered":"BON ESTIU SUPERHERO\u00cfNES i SUPERHEROIS!!"},"content":{"rendered":"<p>Durant tot el curs hem treballat molt el Projecte del nom de la classe i que millor manera que concloure&#8217;l que amb les fotos de la\u00a0SUPERFESTA.<\/p>\n<p>Fam\u00edlies gaudiu molt de les vacances! Teniu uns fills i filles INCRE\u00cfBLES!! Cadasc\u00fa i cadascuna amb el seu SUPERPODER que el fa especial.<\/p>\n<p>Cliqueu a la foto<\/p>\n<p><a href=\"https:\/\/photos.app.goo.gl\/K2joe7niY3Y4df2k7\"><br \/>\n<img loading=\"lazy\" decoding=\"async\" class=\"size-medium wp-image-25902 aligncenter\" src=\"https:\/\/agora.xtec.cat\/escolacollserolacerdanyola\/wp-content\/uploads\/usu1390\/2022\/06\/blog-portadeta-300x230.jpg\" alt=\"\" width=\"300\" height=\"230\" srcset=\"https:\/\/agora.xtec.cat\/escolacollserolacerdanyola\/wp-content\/uploads\/usu1390\/2022\/06\/blog-portadeta-300x230.jpg 300w, https:\/\/agora.xtec.cat\/escolacollserolacerdanyola\/wp-content\/uploads\/usu1390\/2022\/06\/blog-portadeta-768x588.jpg 768w, https:\/\/agora.xtec.cat\/escolacollserolacerdanyola\/wp-content\/uploads\/usu1390\/2022\/06\/blog-portadeta.jpg 934w\" sizes=\"auto, (max-width: 300px) 100vw, 300px\" \/><\/a><\/p>\n","protected":false},"excerpt":{"rendered":"<p>Durant tot el curs hem treballat molt el Projecte del nom de la classe i que millor manera que concloure&#8217;l que amb les fotos de la\u00a0SUPERFESTA.<br \/>\nFam\u00edlies gaudiu molt de les vacances! Teniu uns fills i filles INCRE\u00cfBLES!! Cadasc\u00fa i cadascuna amb el seu SUPERPODER que&hellip;  <a href=\"https:\/\/agora.xtec.cat\/escolacollserolacerdanyola\/ei3-ei4-ei5\/ei4\/bon-estiu-superheroines-i-superherois\/\" title=\"Read BON ESTIU SUPERHERO\u00cfNES i SUPERHEROIS!!\">Llegeix m\u00e9s\u00bb<\/a><\/p>\n","protected":false},"author":6,"featured_media":25902,"comment_status":"open","ping_status":"closed","sticky":false,"template":"","format":"standard","meta":{"_bbp_topic_count":0,"_bbp_reply_count":0,"_bbp_total_topic_count":0,"_bbp_total_reply_count":0,"_bbp_voice_count":0,"_bbp_anonymous_reply_count":0,"_bbp_topic_count_hidden":0,"_bbp_reply_count_hidden":0,"_bbp_forum_subforum_count":0,"footnotes":""},"categories":[8],"tags":[],"class_list":["post-25901","post","type-post","status-publish","format-standard","has-post-thumbnail","hentry","category-ei4"],"post_mailing_queue_ids":[],"_links":{"self":[{"href":"https:\/\/agora.xtec.cat\/escolacollserolacerdanyola\/wp-json\/wp\/v2\/posts\/25901","targetHints":{"allow":["GET"]}}],"collection":[{"href":"https:\/\/agora.xtec.cat\/escolacollserolacerdanyola\/wp-json\/wp\/v2\/posts"}],"about":[{"href":"https:\/\/agora.xtec.cat\/escolacollserolacerdanyola\/wp-json\/wp\/v2\/types\/post"}],"author":[{"embeddable":true,"href":"https:\/\/agora.xtec.cat\/escolacollserolacerdanyola\/wp-json\/wp\/v2\/users\/6"}],"replies":[{"embeddable":true,"href":"https:\/\/agora.xtec.cat\/escolacollserolacerdanyola\/wp-json\/wp\/v2\/comments?post=25901"}],"version-history":[{"count":1,"href":"https:\/\/agora.xtec.cat\/escolacollserolacerdanyola\/wp-json\/wp\/v2\/posts\/25901\/revisions"}],"predecessor-version":[{"id":25903,"href":"https:\/\/agora.xtec.cat\/escolacollserolacerdanyola\/wp-json\/wp\/v2\/posts\/25901\/revisions\/25903"}],"wp:featuredmedia":[{"embeddable":true,"href":"https:\/\/agora.xtec.cat\/escolacollserolacerdanyola\/wp-json\/wp\/v2\/media\/25902"}],"wp:attachment":[{"href":"https:\/\/agora.xtec.cat\/escolacollserolacerdanyola\/wp-json\/wp\/v2\/media?parent=25901"}],"wp:term":[{"taxonomy":"category","embeddable":true,"href":"https:\/\/agora.xtec.cat\/escolacollserolacerdanyola\/wp-json\/wp\/v2\/categories?post=25901"},{"taxonomy":"post_tag","embeddable":true,"href":"https:\/\/agora.xtec.cat\/escolacollserolacerdanyola\/wp-json\/wp\/v2\/tags?post=25901"}],"curies":[{"name":"wp","href":"https:\/\/api.w.org\/{rel}","templated":true}]}}