{"id":25898,"date":"2022-06-25T09:04:36","date_gmt":"2022-06-25T07:04:36","guid":{"rendered":"https:\/\/agora.xtec.cat\/escolacollserolacerdanyola\/?p=25898"},"modified":"2022-06-25T09:04:57","modified_gmt":"2022-06-25T07:04:57","slug":"aniversaris-3r-trimestre","status":"publish","type":"post","link":"https:\/\/agora.xtec.cat\/escolacollserolacerdanyola\/ei3-ei4-ei5\/ei4\/aniversaris-3r-trimestre\/","title":{"rendered":"ANIVERSARIS 3R TRIMESTRE"},"content":{"rendered":"<p>Durant el tercer trimestre hem celebrat a la classe els aniversaris de la CANDELA,\u00a0H\u00c9CTOR, YOUSRA,\u00a0ENZO, LAURA,\u00a0LEYRE\u00a0i VALENTINA. Hi ha infants que encara no han fet els\u00a05\u00a0anys perqu\u00e8 els fan durant les vacances d&#8217;estiu, per\u00f2 ja \u00e9s com si els\u00a0tinguessin!! TOTS ELS SUPERHEROIS I TOTES LES SUPERHERO\u00cfNES S&#8217;HAN FET\u00a0SUPERGRANS!! Moltes Felicitats tamb\u00e9 a la Greta que no ha pogut estar en les celebracions!<\/p>\n<p>Cliqueu al past\u00eds per veure les fotos.<\/p>\n<p><a href=\"https:\/\/photos.app.goo.gl\/SJSEtYmKDG9gr1Jr7\"><img loading=\"lazy\" decoding=\"async\" class=\"size-full wp-image-25899 aligncenter\" src=\"https:\/\/agora.xtec.cat\/escolacollserolacerdanyola\/wp-content\/uploads\/usu1390\/2022\/06\/FOTO-PASTEL-5-ANYS.jpg\" alt=\"\" width=\"285\" height=\"272\" \/><\/a><\/p>\n","protected":false},"excerpt":{"rendered":"<p>Durant el tercer trimestre hem celebrat a la classe els aniversaris de la CANDELA,\u00a0H\u00c9CTOR, YOUSRA,\u00a0ENZO, LAURA,\u00a0LEYRE\u00a0i VALENTINA. Hi ha infants que encara no han fet els\u00a05\u00a0anys perqu\u00e8 els fan durant les vacances d&#8217;estiu, per\u00f2 ja \u00e9s com si els\u00a0tinguessin!! TOTS ELS SUPERHEROIS I TOTES LES&hellip;  <a href=\"https:\/\/agora.xtec.cat\/escolacollserolacerdanyola\/ei3-ei4-ei5\/ei4\/aniversaris-3r-trimestre\/\" title=\"Read ANIVERSARIS 3R TRIMESTRE\">Llegeix m\u00e9s\u00bb<\/a><\/p>\n","protected":false},"author":6,"featured_media":25899,"comment_status":"open","ping_status":"closed","sticky":false,"template":"","format":"standard","meta":{"_bbp_topic_count":0,"_bbp_reply_count":0,"_bbp_total_topic_count":0,"_bbp_total_reply_count":0,"_bbp_voice_count":0,"_bbp_anonymous_reply_count":0,"_bbp_topic_count_hidden":0,"_bbp_reply_count_hidden":0,"_bbp_forum_subforum_count":0,"footnotes":""},"categories":[8],"tags":[],"class_list":["post-25898","post","type-post","status-publish","format-standard","has-post-thumbnail","hentry","category-ei4"],"post_mailing_queue_ids":[],"_links":{"self":[{"href":"https:\/\/agora.xtec.cat\/escolacollserolacerdanyola\/wp-json\/wp\/v2\/posts\/25898","targetHints":{"allow":["GET"]}}],"collection":[{"href":"https:\/\/agora.xtec.cat\/escolacollserolacerdanyola\/wp-json\/wp\/v2\/posts"}],"about":[{"href":"https:\/\/agora.xtec.cat\/escolacollserolacerdanyola\/wp-json\/wp\/v2\/types\/post"}],"author":[{"embeddable":true,"href":"https:\/\/agora.xtec.cat\/escolacollserolacerdanyola\/wp-json\/wp\/v2\/users\/6"}],"replies":[{"embeddable":true,"href":"https:\/\/agora.xtec.cat\/escolacollserolacerdanyola\/wp-json\/wp\/v2\/comments?post=25898"}],"version-history":[{"count":1,"href":"https:\/\/agora.xtec.cat\/escolacollserolacerdanyola\/wp-json\/wp\/v2\/posts\/25898\/revisions"}],"predecessor-version":[{"id":25900,"href":"https:\/\/agora.xtec.cat\/escolacollserolacerdanyola\/wp-json\/wp\/v2\/posts\/25898\/revisions\/25900"}],"wp:featuredmedia":[{"embeddable":true,"href":"https:\/\/agora.xtec.cat\/escolacollserolacerdanyola\/wp-json\/wp\/v2\/media\/25899"}],"wp:attachment":[{"href":"https:\/\/agora.xtec.cat\/escolacollserolacerdanyola\/wp-json\/wp\/v2\/media?parent=25898"}],"wp:term":[{"taxonomy":"category","embeddable":true,"href":"https:\/\/agora.xtec.cat\/escolacollserolacerdanyola\/wp-json\/wp\/v2\/categories?post=25898"},{"taxonomy":"post_tag","embeddable":true,"href":"https:\/\/agora.xtec.cat\/escolacollserolacerdanyola\/wp-json\/wp\/v2\/tags?post=25898"}],"curies":[{"name":"wp","href":"https:\/\/api.w.org\/{rel}","templated":true}]}}