{"id":25868,"date":"2022-05-11T19:00:46","date_gmt":"2022-05-11T17:00:46","guid":{"rendered":"https:\/\/agora.xtec.cat\/escolacollserolacerdanyola\/?p=25868"},"modified":"2022-06-16T06:13:05","modified_gmt":"2022-06-16T04:13:05","slug":"mesurem-amb-aigua","status":"publish","type":"post","link":"https:\/\/agora.xtec.cat\/escolacollserolacerdanyola\/de-1r-a-6e\/2n\/mesurem-amb-aigua\/","title":{"rendered":"Mesurem amb aigua."},"content":{"rendered":"<p>Avui hem experimentat amb aigua i recipients de diferents mesures. Hem fet equival\u00e8ncies. Despr\u00e9s d&#8217;elaborar algunes hip\u00f2tesis com, per exemple, quants gots petits caben en una ampolla d&#8217;aigua, hem arribat a conclusions i a poder establir equival\u00e8ncies entre els diferents recipients i les gerres de mesura graduades. Hem descobert les magnituds litre i cent\u00edmetres c\u00fabics. Ens ha encantat experimentar i aprendre investigant. Mireu el nostre treball en equip.<\/p>\n<p><a href=\"https:\/\/photos.app.goo.gl\/VuUjtEEWCdY7FUBx9\">Fem matem\u00e0tiques divertides!!!<\/a><\/p>\n","protected":false},"excerpt":{"rendered":"<p>Avui hem experimentat amb aigua i recipients de diferents mesures. Hem fet equival\u00e8ncies. Despr\u00e9s d&#8217;elaborar algunes hip\u00f2tesis com, per exemple, quants gots petits caben en una ampolla d&#8217;aigua, hem arribat a conclusions i a poder establir equival\u00e8ncies entre els diferents recipients i les gerres de&hellip;  <a href=\"https:\/\/agora.xtec.cat\/escolacollserolacerdanyola\/de-1r-a-6e\/2n\/mesurem-amb-aigua\/\" title=\"Read Mesurem amb aigua.\">Llegeix m\u00e9s\u00bb<\/a><\/p>\n","protected":false},"author":7,"featured_media":25871,"comment_status":"open","ping_status":"closed","sticky":false,"template":"","format":"standard","meta":{"_bbp_topic_count":0,"_bbp_reply_count":0,"_bbp_total_topic_count":0,"_bbp_total_reply_count":0,"_bbp_voice_count":0,"_bbp_anonymous_reply_count":0,"_bbp_topic_count_hidden":0,"_bbp_reply_count_hidden":0,"_bbp_forum_subforum_count":0,"footnotes":""},"categories":[11],"tags":[],"class_list":["post-25868","post","type-post","status-publish","format-standard","has-post-thumbnail","hentry","category-2n"],"post_mailing_queue_ids":[],"_links":{"self":[{"href":"https:\/\/agora.xtec.cat\/escolacollserolacerdanyola\/wp-json\/wp\/v2\/posts\/25868","targetHints":{"allow":["GET"]}}],"collection":[{"href":"https:\/\/agora.xtec.cat\/escolacollserolacerdanyola\/wp-json\/wp\/v2\/posts"}],"about":[{"href":"https:\/\/agora.xtec.cat\/escolacollserolacerdanyola\/wp-json\/wp\/v2\/types\/post"}],"author":[{"embeddable":true,"href":"https:\/\/agora.xtec.cat\/escolacollserolacerdanyola\/wp-json\/wp\/v2\/users\/7"}],"replies":[{"embeddable":true,"href":"https:\/\/agora.xtec.cat\/escolacollserolacerdanyola\/wp-json\/wp\/v2\/comments?post=25868"}],"version-history":[{"count":2,"href":"https:\/\/agora.xtec.cat\/escolacollserolacerdanyola\/wp-json\/wp\/v2\/posts\/25868\/revisions"}],"predecessor-version":[{"id":25873,"href":"https:\/\/agora.xtec.cat\/escolacollserolacerdanyola\/wp-json\/wp\/v2\/posts\/25868\/revisions\/25873"}],"wp:featuredmedia":[{"embeddable":true,"href":"https:\/\/agora.xtec.cat\/escolacollserolacerdanyola\/wp-json\/wp\/v2\/media\/25871"}],"wp:attachment":[{"href":"https:\/\/agora.xtec.cat\/escolacollserolacerdanyola\/wp-json\/wp\/v2\/media?parent=25868"}],"wp:term":[{"taxonomy":"category","embeddable":true,"href":"https:\/\/agora.xtec.cat\/escolacollserolacerdanyola\/wp-json\/wp\/v2\/categories?post=25868"},{"taxonomy":"post_tag","embeddable":true,"href":"https:\/\/agora.xtec.cat\/escolacollserolacerdanyola\/wp-json\/wp\/v2\/tags?post=25868"}],"curies":[{"name":"wp","href":"https:\/\/api.w.org\/{rel}","templated":true}]}}