{"id":25824,"date":"2022-05-31T12:53:43","date_gmt":"2022-05-31T10:53:43","guid":{"rendered":"https:\/\/agora.xtec.cat\/escolacollserolacerdanyola\/?p=25824"},"modified":"2022-05-31T12:53:43","modified_gmt":"2022-05-31T10:53:43","slug":"cooperativa-alohaha-coop","status":"publish","type":"post","link":"https:\/\/agora.xtec.cat\/escolacollserolacerdanyola\/de-1r-a-6e\/cooperativa-alohaha-coop\/","title":{"rendered":"Cooperativa Alohaha.coop"},"content":{"rendered":"<p>Doncs un altre dels grans projectes d&#8217;aquest curs ha estat la creaci\u00f3 d&#8217;una cooperativa, un projecte d&#8217;emprenedoria a c\u00e0rrec del programa CUEME, que\u00a0fomenta la cultura emprenedora i les compet\u00e8ncies b\u00e0siques en el cicle superior d\u2019educaci\u00f3 prim\u00e0ria. Durant un curs escolar, l\u2019alumnat crea i \u00a0gestiona una cooperativa escolar amb el \u00a0suport de l\u2019escola, l\u2019administraci\u00f3 local, \u00a0les empreses i altres entitats de la seva localitat.<\/p>\n<p>La nostra cooperativa es diu Alohaha.coop i parts dels beneficis van destinats a la Creu Roja del nostre municipi. Hem fabricat 7 productes diferents i vam exhaurir exist\u00e8ncies el dia del mercat. Tot un \u00e8xit i una gran experi\u00e8ncia!<\/p>\n<p>Gr\u00e0cies a aquest projecte hem treballat el seg\u00fcents objectius:<\/p>\n<ol>\n<li>Fomentar un aprenentatge transversal i significatiu: L\u2019alumnat posa en pr\u00e0ctica compet\u00e8ncies de<br \/>\ndiferents \u00e0rees i les relaciona, potenciant un aprenentatge significatiu i durador.<br \/>\n2. Desenvolupar capacitats emprenedores: \u2022 Ideant i portant a la pr\u00e0ctica un projecte cooperatiu,<br \/>\ntreballem: la iniciativa, la innovaci\u00f3, la creativitat, l\u2019autonomia, el lideratge, la col\u2022laboraci\u00f3\u2026<br \/>\n\u2022 Assumpci\u00f3 de responsabilitats, enfrontar-se a reptes reals.<br \/>\n3. Treballar simult\u00e0niament totes les compet\u00e8ncies clau del sistema educatiu:<br \/>\n\u2022 Comunicaci\u00f3 Ling\u00fc\u00edstica.<br \/>\n\u2022 Compet\u00e8ncia matem\u00e0tica i compet\u00e8ncies b\u00e0siques en Ci\u00e8ncia i Tecnologia.<br \/>\n\u2022 Compet\u00e8ncies Socials i C\u00edviques.<br \/>\n\u2022 Compet\u00e8ncia Digital.<br \/>\n\u2022 Compet\u00e8ncia en Aprendre a Aprendre.<br \/>\n\u2022 Sentit de la Iniciativa i l\u2019Esperit Emprenedor.<br \/>\n\u2022 Compet\u00e8ncia en Expressions Culturals.<br \/>\n4. Crear un context educatiu i l\u00fadic a l\u2019aula: \u2022 Apredre fent. \u2022 Viure l\u2019aprenentatge com un joc.<br \/>\n\u2022 Motivar per a l\u2019aprenentatge.<br \/>\n5. Treballar en equip, prendre decisions de manera democr\u00e0tica: \u2022 Valorar les capacitats pr\u00f2pies i dels companys. \u2022 El format cooperatiu permet practicar la conviv\u00e8ncia, la resoluci\u00f3 de conflictes\u2026 en<br \/>\ndefinitiva, entrenar-se per viure en societat.<br \/>\n6. Connectar l\u2019escola i l\u2019entorn: \u2022 Es fa necess\u00e0ria la implicaci\u00f3 de fam\u00edlies, empreses, institucions&#8230;<br \/>\n7. Establir relacions entre l\u2019activitat emprenedora i la responsabilitat en l\u2019entorn. \u2022 L\u2019activitat de la cooperativa crea valor i aporta millores al centre escolar o al municipi. \u2022 L\u2019alumnat destina part dels beneficis a una ONG de la seva elecci\u00f3. \u2022 Aprenen a ser solidaris\/es i implicar-se a l\u2019entorn.<\/li>\n<\/ol>\n<p>I aqu\u00ed imatges de tot el proc\u00e9s! Gr\u00e0cies tamb\u00e9 a la col\u00b7laboraci\u00f3 de totes les fam\u00edlies!!<\/p>\n<p><a href=\"https:\/\/photos.app.goo.gl\/jHkTKygNhagSPY1Y7\">Alohaha.coop<\/a><\/p>\n","protected":false},"excerpt":{"rendered":"<p>Doncs un altre dels grans projectes d&#8217;aquest curs ha estat la creaci\u00f3 d&#8217;una cooperativa, un projecte d&#8217;emprenedoria a c\u00e0rrec del programa CUEME, que\u00a0fomenta la cultura emprenedora i les compet\u00e8ncies b\u00e0siques en el cicle superior d\u2019educaci\u00f3 prim\u00e0ria. Durant un curs escolar, l\u2019alumnat crea i \u00a0gestiona una&hellip;  <a href=\"https:\/\/agora.xtec.cat\/escolacollserolacerdanyola\/de-1r-a-6e\/cooperativa-alohaha-coop\/\" title=\"Read Cooperativa Alohaha.coop\">Llegeix m\u00e9s\u00bb<\/a><\/p>\n","protected":false},"author":9,"featured_media":25825,"comment_status":"open","ping_status":"closed","sticky":false,"template":"","format":"standard","meta":{"_bbp_topic_count":0,"_bbp_reply_count":0,"_bbp_total_topic_count":0,"_bbp_total_reply_count":0,"_bbp_voice_count":0,"_bbp_anonymous_reply_count":0,"_bbp_topic_count_hidden":0,"_bbp_reply_count_hidden":0,"_bbp_forum_subforum_count":0,"footnotes":""},"categories":[14,86,5],"tags":[],"class_list":["post-25824","post","type-post","status-publish","format-standard","has-post-thumbnail","hentry","category-5e","category-grans","category-de-1r-a-6e"],"post_mailing_queue_ids":[],"_links":{"self":[{"href":"https:\/\/agora.xtec.cat\/escolacollserolacerdanyola\/wp-json\/wp\/v2\/posts\/25824","targetHints":{"allow":["GET"]}}],"collection":[{"href":"https:\/\/agora.xtec.cat\/escolacollserolacerdanyola\/wp-json\/wp\/v2\/posts"}],"about":[{"href":"https:\/\/agora.xtec.cat\/escolacollserolacerdanyola\/wp-json\/wp\/v2\/types\/post"}],"author":[{"embeddable":true,"href":"https:\/\/agora.xtec.cat\/escolacollserolacerdanyola\/wp-json\/wp\/v2\/users\/9"}],"replies":[{"embeddable":true,"href":"https:\/\/agora.xtec.cat\/escolacollserolacerdanyola\/wp-json\/wp\/v2\/comments?post=25824"}],"version-history":[{"count":1,"href":"https:\/\/agora.xtec.cat\/escolacollserolacerdanyola\/wp-json\/wp\/v2\/posts\/25824\/revisions"}],"predecessor-version":[{"id":25826,"href":"https:\/\/agora.xtec.cat\/escolacollserolacerdanyola\/wp-json\/wp\/v2\/posts\/25824\/revisions\/25826"}],"wp:featuredmedia":[{"embeddable":true,"href":"https:\/\/agora.xtec.cat\/escolacollserolacerdanyola\/wp-json\/wp\/v2\/media\/25825"}],"wp:attachment":[{"href":"https:\/\/agora.xtec.cat\/escolacollserolacerdanyola\/wp-json\/wp\/v2\/media?parent=25824"}],"wp:term":[{"taxonomy":"category","embeddable":true,"href":"https:\/\/agora.xtec.cat\/escolacollserolacerdanyola\/wp-json\/wp\/v2\/categories?post=25824"},{"taxonomy":"post_tag","embeddable":true,"href":"https:\/\/agora.xtec.cat\/escolacollserolacerdanyola\/wp-json\/wp\/v2\/tags?post=25824"}],"curies":[{"name":"wp","href":"https:\/\/api.w.org\/{rel}","templated":true}]}}