{"id":25815,"date":"2022-05-31T12:12:56","date_gmt":"2022-05-31T10:12:56","guid":{"rendered":"https:\/\/agora.xtec.cat\/escolacollserolacerdanyola\/?p=25815"},"modified":"2022-05-31T12:12:56","modified_gmt":"2022-05-31T10:12:56","slug":"teatre-le-voyage","status":"publish","type":"post","link":"https:\/\/agora.xtec.cat\/escolacollserolacerdanyola\/de-1r-a-6e\/teatre-le-voyage\/","title":{"rendered":"Teatre Le Voyage"},"content":{"rendered":"<h3>\u00a0UN MERAVELL\u00d3S ESPECTACLE PER A TOTS ELS P\u00daBLICS QUE ABORDA, AMB L\u2019HUMOR DEL CLOWN, EL VIATGE QUE HAN D\u2019EMPRENDRE LES PERSONES REFUGIADES I MIGRANTS CAP A UNA NOVA VIDA.<\/h3>\n<p>&nbsp;<\/p>\n<p>La vida quotidiana d&#8217;un clown: treball, fam\u00edlia, oci&#8230; Una vida est\u00e0ndard. Per\u00f2 de cop i volta, esclata el conflicte. Sense saber per qu\u00e8, hi ha qui es baralla, hi ha qui mor, hi ha qui ha de fugir. Fugir de la normalitat, d&#8217;una normalitat trencada, i emprendre un gran viatge cap all\u00ed on hi ha estabilitat.<\/p>\n<p>Amb\u00a0<em><strong>Le Voyage<\/strong><\/em>,\u00a0<strong>JAM\u00a0<\/strong>posa el focus sobre els refugiats i migrants, i en el viatge que han d&#8217;emprendre cap a una nova vida. Una reflexi\u00f3 profunda sobre un col\u00b7lectiu invisible, invisibilitzat i deshumanitzat.<\/p>\n<p>&#8230;perqu\u00e8&#8230; \u00e9s possible abordar el fet migratori des de l&#8217;humor?\u00a0<strong>JAM<\/strong>\u00a0ens ho demostra, amb una obra d&#8217;all\u00f2 m\u00e9s dol\u00e7a: amb malabars, amb riallades, amb titelles&#8230; i amb un missatge que acaba arribant a totes les edats!<\/p>\n<p><a href=\"https:\/\/photos.app.goo.gl\/tT2GvkNhMyPbMWeTA\">Le Voyage<\/a><\/p>\n","protected":false},"excerpt":{"rendered":"<p>\u00a0UN MERAVELL\u00d3S ESPECTACLE PER A TOTS ELS P\u00daBLICS QUE ABORDA, AMB L\u2019HUMOR DEL CLOWN, EL VIATGE QUE HAN D\u2019EMPRENDRE LES PERSONES REFUGIADES I MIGRANTS CAP A UNA NOVA VIDA.<br \/>\n&nbsp;<br \/>\nLa vida quotidiana d&#8217;un clown: treball, fam\u00edlia, oci&#8230; Una vida est\u00e0ndard. Per\u00f2 de cop i volta, esclata&hellip;  <a href=\"https:\/\/agora.xtec.cat\/escolacollserolacerdanyola\/de-1r-a-6e\/teatre-le-voyage\/\" title=\"Read Teatre Le Voyage\">Llegeix m\u00e9s\u00bb<\/a><\/p>\n","protected":false},"author":9,"featured_media":25816,"comment_status":"open","ping_status":"closed","sticky":false,"template":"","format":"standard","meta":{"_bbp_topic_count":0,"_bbp_reply_count":0,"_bbp_total_topic_count":0,"_bbp_total_reply_count":0,"_bbp_voice_count":0,"_bbp_anonymous_reply_count":0,"_bbp_topic_count_hidden":0,"_bbp_reply_count_hidden":0,"_bbp_forum_subforum_count":0,"footnotes":""},"categories":[14,86,5],"tags":[],"class_list":["post-25815","post","type-post","status-publish","format-standard","has-post-thumbnail","hentry","category-5e","category-grans","category-de-1r-a-6e"],"post_mailing_queue_ids":[],"_links":{"self":[{"href":"https:\/\/agora.xtec.cat\/escolacollserolacerdanyola\/wp-json\/wp\/v2\/posts\/25815","targetHints":{"allow":["GET"]}}],"collection":[{"href":"https:\/\/agora.xtec.cat\/escolacollserolacerdanyola\/wp-json\/wp\/v2\/posts"}],"about":[{"href":"https:\/\/agora.xtec.cat\/escolacollserolacerdanyola\/wp-json\/wp\/v2\/types\/post"}],"author":[{"embeddable":true,"href":"https:\/\/agora.xtec.cat\/escolacollserolacerdanyola\/wp-json\/wp\/v2\/users\/9"}],"replies":[{"embeddable":true,"href":"https:\/\/agora.xtec.cat\/escolacollserolacerdanyola\/wp-json\/wp\/v2\/comments?post=25815"}],"version-history":[{"count":1,"href":"https:\/\/agora.xtec.cat\/escolacollserolacerdanyola\/wp-json\/wp\/v2\/posts\/25815\/revisions"}],"predecessor-version":[{"id":25817,"href":"https:\/\/agora.xtec.cat\/escolacollserolacerdanyola\/wp-json\/wp\/v2\/posts\/25815\/revisions\/25817"}],"wp:featuredmedia":[{"embeddable":true,"href":"https:\/\/agora.xtec.cat\/escolacollserolacerdanyola\/wp-json\/wp\/v2\/media\/25816"}],"wp:attachment":[{"href":"https:\/\/agora.xtec.cat\/escolacollserolacerdanyola\/wp-json\/wp\/v2\/media?parent=25815"}],"wp:term":[{"taxonomy":"category","embeddable":true,"href":"https:\/\/agora.xtec.cat\/escolacollserolacerdanyola\/wp-json\/wp\/v2\/categories?post=25815"},{"taxonomy":"post_tag","embeddable":true,"href":"https:\/\/agora.xtec.cat\/escolacollserolacerdanyola\/wp-json\/wp\/v2\/tags?post=25815"}],"curies":[{"name":"wp","href":"https:\/\/api.w.org\/{rel}","templated":true}]}}