{"id":25806,"date":"2022-05-31T08:31:26","date_gmt":"2022-05-31T06:31:26","guid":{"rendered":"https:\/\/agora.xtec.cat\/escolacollserolacerdanyola\/?p=25806"},"modified":"2022-05-31T08:34:11","modified_gmt":"2022-05-31T06:34:11","slug":"viatge-6e-1r-dia","status":"publish","type":"post","link":"https:\/\/agora.xtec.cat\/escolacollserolacerdanyola\/de-1r-a-6e\/6e\/viatge-6e-1r-dia\/","title":{"rendered":"Viatge 6\u00e8. 1r dia"},"content":{"rendered":"<p><a href=\"https:\/\/photos.app.goo.gl\/v3ZEidAv2PP72VoD7\">Viatge 6\u00e8. 1r dia<\/a><\/p>\n<p>Primer dia del nostre emocionat viatge! Tot ha anat segons el previst. El lloc \u00e9s preci\u00f3s i el menjar est\u00e0 bon\u00edssim! Tothom s&#8217;ho est\u00e0 passant b\u00e9, amb moltes ganes de gaudir el fet d&#8217;estar junts i juntes.<\/p>\n","protected":false},"excerpt":{"rendered":"<p><a href=\"https:\/\/photos.app.goo.gl\/v3ZEidAv2PP72VoD7\">Viatge 6\u00e8. 1r dia<\/a><br \/>\nPrimer dia del nostre emocionat viatge! Tot ha anat segons el previst. El lloc \u00e9s preci\u00f3s i el menjar est\u00e0 bon\u00edssim! Tothom s&#8217;ho est\u00e0 passant b\u00e9, amb moltes ganes de gaudir el fet d&#8217;estar junts i juntes.<\/p>\n","protected":false},"author":9,"featured_media":25807,"comment_status":"open","ping_status":"closed","sticky":false,"template":"","format":"standard","meta":{"_bbp_topic_count":0,"_bbp_reply_count":0,"_bbp_total_topic_count":0,"_bbp_total_reply_count":0,"_bbp_voice_count":0,"_bbp_anonymous_reply_count":0,"_bbp_topic_count_hidden":0,"_bbp_reply_count_hidden":0,"_bbp_forum_subforum_count":0,"footnotes":""},"categories":[15,86],"tags":[],"class_list":["post-25806","post","type-post","status-publish","format-standard","has-post-thumbnail","hentry","category-6e","category-grans"],"post_mailing_queue_ids":[],"_links":{"self":[{"href":"https:\/\/agora.xtec.cat\/escolacollserolacerdanyola\/wp-json\/wp\/v2\/posts\/25806","targetHints":{"allow":["GET"]}}],"collection":[{"href":"https:\/\/agora.xtec.cat\/escolacollserolacerdanyola\/wp-json\/wp\/v2\/posts"}],"about":[{"href":"https:\/\/agora.xtec.cat\/escolacollserolacerdanyola\/wp-json\/wp\/v2\/types\/post"}],"author":[{"embeddable":true,"href":"https:\/\/agora.xtec.cat\/escolacollserolacerdanyola\/wp-json\/wp\/v2\/users\/9"}],"replies":[{"embeddable":true,"href":"https:\/\/agora.xtec.cat\/escolacollserolacerdanyola\/wp-json\/wp\/v2\/comments?post=25806"}],"version-history":[{"count":1,"href":"https:\/\/agora.xtec.cat\/escolacollserolacerdanyola\/wp-json\/wp\/v2\/posts\/25806\/revisions"}],"predecessor-version":[{"id":25808,"href":"https:\/\/agora.xtec.cat\/escolacollserolacerdanyola\/wp-json\/wp\/v2\/posts\/25806\/revisions\/25808"}],"wp:featuredmedia":[{"embeddable":true,"href":"https:\/\/agora.xtec.cat\/escolacollserolacerdanyola\/wp-json\/wp\/v2\/media\/25807"}],"wp:attachment":[{"href":"https:\/\/agora.xtec.cat\/escolacollserolacerdanyola\/wp-json\/wp\/v2\/media?parent=25806"}],"wp:term":[{"taxonomy":"category","embeddable":true,"href":"https:\/\/agora.xtec.cat\/escolacollserolacerdanyola\/wp-json\/wp\/v2\/categories?post=25806"},{"taxonomy":"post_tag","embeddable":true,"href":"https:\/\/agora.xtec.cat\/escolacollserolacerdanyola\/wp-json\/wp\/v2\/tags?post=25806"}],"curies":[{"name":"wp","href":"https:\/\/api.w.org\/{rel}","templated":true}]}}