{"id":25790,"date":"2022-04-10T18:59:02","date_gmt":"2022-04-10T16:59:02","guid":{"rendered":"https:\/\/agora.xtec.cat\/escolacollserolacerdanyola\/?p=25790"},"modified":"2022-05-29T19:04:00","modified_gmt":"2022-05-29T17:04:00","slug":"sortida-a-lescola-de-musica-aulos","status":"publish","type":"post","link":"https:\/\/agora.xtec.cat\/escolacollserolacerdanyola\/de-1r-a-6e\/4t\/sortida-a-lescola-de-musica-aulos\/","title":{"rendered":"Sortida a l&#8217;escola de m\u00fasica Aulos"},"content":{"rendered":"<p>Les exploradores i els exploradors hem reatlizat una visita a l&#8217;escola de m\u00fasica Aulos per escoltar i observar els instruments de vent.<\/p>\n<p>Hem apr\u00e8s v\u00e0ries coses sobre la seva classificaci\u00f3, les seves parts i components, com es toquen i al final&#8230; sorpresa!! hem tingut un petit concert exclusiu per nosaltres!<\/p>\n<p><a href=\"https:\/\/photos.app.goo.gl\/gB4x3pVZP2rmMrk59\">SORTIDA AULOS<\/a><\/p>\n","protected":false},"excerpt":{"rendered":"<p>Les exploradores i els exploradors hem reatlizat una visita a l&#8217;escola de m\u00fasica Aulos per escoltar i observar els instruments de vent.<br \/>\nHem apr\u00e8s v\u00e0ries coses sobre la seva classificaci\u00f3, les seves parts i components, com es toquen i al final&#8230; sorpresa!! hem tingut un petit&hellip;  <a href=\"https:\/\/agora.xtec.cat\/escolacollserolacerdanyola\/de-1r-a-6e\/4t\/sortida-a-lescola-de-musica-aulos\/\" title=\"Read Sortida a l&#8217;escola de m\u00fasica Aulos\">Llegeix m\u00e9s\u00bb<\/a><\/p>\n","protected":false},"author":9,"featured_media":25791,"comment_status":"open","ping_status":"closed","sticky":false,"template":"","format":"standard","meta":{"_bbp_topic_count":0,"_bbp_reply_count":0,"_bbp_total_topic_count":0,"_bbp_total_reply_count":0,"_bbp_voice_count":0,"_bbp_anonymous_reply_count":0,"_bbp_topic_count_hidden":0,"_bbp_reply_count_hidden":0,"_bbp_forum_subforum_count":0,"footnotes":""},"categories":[13,293,88,86,85,267,93,94],"tags":[],"class_list":["post-25790","post","type-post","status-publish","format-standard","has-post-thumbnail","hentry","category-4t","category-audicions","category-concert","category-grans","category-mitjans","category-musica","category-sortides","category-sortides-culturals"],"post_mailing_queue_ids":[],"_links":{"self":[{"href":"https:\/\/agora.xtec.cat\/escolacollserolacerdanyola\/wp-json\/wp\/v2\/posts\/25790","targetHints":{"allow":["GET"]}}],"collection":[{"href":"https:\/\/agora.xtec.cat\/escolacollserolacerdanyola\/wp-json\/wp\/v2\/posts"}],"about":[{"href":"https:\/\/agora.xtec.cat\/escolacollserolacerdanyola\/wp-json\/wp\/v2\/types\/post"}],"author":[{"embeddable":true,"href":"https:\/\/agora.xtec.cat\/escolacollserolacerdanyola\/wp-json\/wp\/v2\/users\/9"}],"replies":[{"embeddable":true,"href":"https:\/\/agora.xtec.cat\/escolacollserolacerdanyola\/wp-json\/wp\/v2\/comments?post=25790"}],"version-history":[{"count":1,"href":"https:\/\/agora.xtec.cat\/escolacollserolacerdanyola\/wp-json\/wp\/v2\/posts\/25790\/revisions"}],"predecessor-version":[{"id":25792,"href":"https:\/\/agora.xtec.cat\/escolacollserolacerdanyola\/wp-json\/wp\/v2\/posts\/25790\/revisions\/25792"}],"wp:featuredmedia":[{"embeddable":true,"href":"https:\/\/agora.xtec.cat\/escolacollserolacerdanyola\/wp-json\/wp\/v2\/media\/25791"}],"wp:attachment":[{"href":"https:\/\/agora.xtec.cat\/escolacollserolacerdanyola\/wp-json\/wp\/v2\/media?parent=25790"}],"wp:term":[{"taxonomy":"category","embeddable":true,"href":"https:\/\/agora.xtec.cat\/escolacollserolacerdanyola\/wp-json\/wp\/v2\/categories?post=25790"},{"taxonomy":"post_tag","embeddable":true,"href":"https:\/\/agora.xtec.cat\/escolacollserolacerdanyola\/wp-json\/wp\/v2\/tags?post=25790"}],"curies":[{"name":"wp","href":"https:\/\/api.w.org\/{rel}","templated":true}]}}