{"id":25778,"date":"2022-05-10T18:06:08","date_gmt":"2022-05-10T16:06:08","guid":{"rendered":"https:\/\/agora.xtec.cat\/escolacollserolacerdanyola\/?p=25778"},"modified":"2022-05-29T18:17:13","modified_gmt":"2022-05-29T16:17:13","slug":"sortida-riera-de-sant-cugat","status":"publish","type":"post","link":"https:\/\/agora.xtec.cat\/escolacollserolacerdanyola\/de-1r-a-6e\/4t\/sortida-riera-de-sant-cugat\/","title":{"rendered":"Sortida Riera de Sant Cugat"},"content":{"rendered":"<p>L&#8217;alumnat de 4t hem reatlitzat una sortida al parc de la riera de Sant Cugat per tal de treballar com \u00e9s la flora i la fauna d&#8217;un ecosistema de riera.<\/p>\n<p>Per comen\u00e7ar hem situat la riera en el paisatge que envolta l&#8217;escola i hem posat nom als elements naturals que s&#8217;hi troben.<\/p>\n<p>Hem observat el tipus d&#8217;arbres i arbustos que s&#8217;hi troben i les caracter\u00edstiques que tenen aix\u00ed com els animals que podem trobar en aquest h\u00e0bitat.<\/p>\n<p>Finalment hem observat alguns dels invertebrats que es troben a l&#8217;aigua de la riera:\u00a0 larves d&#8217;insectes, cargols de riu, capgrossos&#8230; i que ens donen pistes sobre si l&#8217;aigua est\u00e0 m\u00e9s o menys neta.<\/p>\n<p><a href=\"https:\/\/photos.app.goo.gl\/wGJwtM2eYUkUKkKW6\">4t Riera de Sant Cugat<\/a><\/p>\n","protected":false},"excerpt":{"rendered":"<p>L&#8217;alumnat de 4t hem reatlitzat una sortida al parc de la riera de Sant Cugat per tal de treballar com \u00e9s la flora i la fauna d&#8217;un ecosistema de riera.<br \/>\nPer comen\u00e7ar hem situat la riera en el paisatge que envolta l&#8217;escola i hem posat nom&hellip;  <a href=\"https:\/\/agora.xtec.cat\/escolacollserolacerdanyola\/de-1r-a-6e\/4t\/sortida-riera-de-sant-cugat\/\" title=\"Read Sortida Riera de Sant Cugat\">Llegeix m\u00e9s\u00bb<\/a><\/p>\n","protected":false},"author":9,"featured_media":25779,"comment_status":"open","ping_status":"closed","sticky":false,"template":"","format":"standard","meta":{"_bbp_topic_count":0,"_bbp_reply_count":0,"_bbp_total_topic_count":0,"_bbp_total_reply_count":0,"_bbp_voice_count":0,"_bbp_anonymous_reply_count":0,"_bbp_topic_count_hidden":0,"_bbp_reply_count_hidden":0,"_bbp_forum_subforum_count":0,"footnotes":""},"categories":[13,86,85,93],"tags":[],"class_list":["post-25778","post","type-post","status-publish","format-standard","has-post-thumbnail","hentry","category-4t","category-grans","category-mitjans","category-sortides"],"post_mailing_queue_ids":[],"_links":{"self":[{"href":"https:\/\/agora.xtec.cat\/escolacollserolacerdanyola\/wp-json\/wp\/v2\/posts\/25778","targetHints":{"allow":["GET"]}}],"collection":[{"href":"https:\/\/agora.xtec.cat\/escolacollserolacerdanyola\/wp-json\/wp\/v2\/posts"}],"about":[{"href":"https:\/\/agora.xtec.cat\/escolacollserolacerdanyola\/wp-json\/wp\/v2\/types\/post"}],"author":[{"embeddable":true,"href":"https:\/\/agora.xtec.cat\/escolacollserolacerdanyola\/wp-json\/wp\/v2\/users\/9"}],"replies":[{"embeddable":true,"href":"https:\/\/agora.xtec.cat\/escolacollserolacerdanyola\/wp-json\/wp\/v2\/comments?post=25778"}],"version-history":[{"count":1,"href":"https:\/\/agora.xtec.cat\/escolacollserolacerdanyola\/wp-json\/wp\/v2\/posts\/25778\/revisions"}],"predecessor-version":[{"id":25780,"href":"https:\/\/agora.xtec.cat\/escolacollserolacerdanyola\/wp-json\/wp\/v2\/posts\/25778\/revisions\/25780"}],"wp:featuredmedia":[{"embeddable":true,"href":"https:\/\/agora.xtec.cat\/escolacollserolacerdanyola\/wp-json\/wp\/v2\/media\/25779"}],"wp:attachment":[{"href":"https:\/\/agora.xtec.cat\/escolacollserolacerdanyola\/wp-json\/wp\/v2\/media?parent=25778"}],"wp:term":[{"taxonomy":"category","embeddable":true,"href":"https:\/\/agora.xtec.cat\/escolacollserolacerdanyola\/wp-json\/wp\/v2\/categories?post=25778"},{"taxonomy":"post_tag","embeddable":true,"href":"https:\/\/agora.xtec.cat\/escolacollserolacerdanyola\/wp-json\/wp\/v2\/tags?post=25778"}],"curies":[{"name":"wp","href":"https:\/\/api.w.org\/{rel}","templated":true}]}}