{"id":25725,"date":"2022-05-19T20:19:27","date_gmt":"2022-05-19T18:19:27","guid":{"rendered":"https:\/\/agora.xtec.cat\/escolacollserolacerdanyola\/?p=25725"},"modified":"2022-05-19T20:20:18","modified_gmt":"2022-05-19T18:20:18","slug":"p3-comiat-carlos","status":"publish","type":"post","link":"https:\/\/agora.xtec.cat\/escolacollserolacerdanyola\/ei3-ei4-ei5\/ei3\/p3-comiat-carlos\/","title":{"rendered":"P3 COMIAT CARLOS"},"content":{"rendered":"<p>Benvolgudes fam\u00edlies, com ja saveu el divendres 13 de maig va ser l\u00faltim dia del Carlos.<\/p>\n<p style=\"text-align: center\">Li vam fer un petit comiat i regal, els Colors li van estampar la seva m\u00e0 de pintura a una bossa, com les que portem l&#8217;album,\u00a0 van fer un llibret amb la fotogradia dels Colors amb el Carlos i cada Color el va dibuixar i van posar el seu nom.<a href=\"https:\/\/photos.app.goo.gl\/26NiihCvmsXmFfg6A\"><img loading=\"lazy\" decoding=\"async\" class=\"size-medium wp-image-25726 aligncenter\" src=\"https:\/\/agora.xtec.cat\/escolacollserolacerdanyola\/wp-content\/uploads\/usu1390\/2022\/05\/20220511_102708-300x225.jpg\" alt=\"\" width=\"300\" height=\"225\" srcset=\"https:\/\/agora.xtec.cat\/escolacollserolacerdanyola\/wp-content\/uploads\/usu1390\/2022\/05\/20220511_102708-300x225.jpg 300w, https:\/\/agora.xtec.cat\/escolacollserolacerdanyola\/wp-content\/uploads\/usu1390\/2022\/05\/20220511_102708-1024x768.jpg 1024w, https:\/\/agora.xtec.cat\/escolacollserolacerdanyola\/wp-content\/uploads\/usu1390\/2022\/05\/20220511_102708-768x576.jpg 768w, https:\/\/agora.xtec.cat\/escolacollserolacerdanyola\/wp-content\/uploads\/usu1390\/2022\/05\/20220511_102708-1536x1152.jpg 1536w, https:\/\/agora.xtec.cat\/escolacollserolacerdanyola\/wp-content\/uploads\/usu1390\/2022\/05\/20220511_102708-2048x1536.jpg 2048w, https:\/\/agora.xtec.cat\/escolacollserolacerdanyola\/wp-content\/uploads\/usu1390\/2022\/05\/20220511_102708-200x150.jpg 200w\" sizes=\"auto, (max-width: 300px) 100vw, 300px\" \/><\/a>Cliqueu a la fotografia<\/p>\n<p>Ha sigut un plaer tenir al Carlos, gaireb\u00e9 tot el curs, ens ha donat molta pena que acab\u00e9s i li desitgem molta sort, encara que amb el seu car\u00e0cter segur que all\u00e0 on vagi li anir\u00e0 molt b\u00e9.<\/p>\n<p>Els Colors se l&#8217;han estimat molt i el trobaran molt a faltar.<\/p>\n<p>Salutacions<\/p>\n<p>Els colors i els\/les mestres de P3<\/p>\n","protected":false},"excerpt":{"rendered":"<p>Benvolgudes fam\u00edlies, com ja saveu el divendres 13 de maig va ser l\u00faltim dia del Carlos.<br \/>\nLi vam fer un petit comiat i regal, els Colors li van estampar la seva m\u00e0 de pintura a una bossa, com les que portem l&#8217;album,\u00a0 van fer un llibret&hellip;  <a href=\"https:\/\/agora.xtec.cat\/escolacollserolacerdanyola\/ei3-ei4-ei5\/ei3\/p3-comiat-carlos\/\" title=\"Read P3 COMIAT CARLOS\">Llegeix m\u00e9s\u00bb<\/a><\/p>\n","protected":false},"author":6,"featured_media":25726,"comment_status":"open","ping_status":"closed","sticky":false,"template":"","format":"standard","meta":{"_bbp_topic_count":0,"_bbp_reply_count":0,"_bbp_total_topic_count":0,"_bbp_total_reply_count":0,"_bbp_voice_count":0,"_bbp_anonymous_reply_count":0,"_bbp_topic_count_hidden":0,"_bbp_reply_count_hidden":0,"_bbp_forum_subforum_count":0,"footnotes":""},"categories":[3],"tags":[],"class_list":["post-25725","post","type-post","status-publish","format-standard","has-post-thumbnail","hentry","category-ei3"],"post_mailing_queue_ids":[],"_links":{"self":[{"href":"https:\/\/agora.xtec.cat\/escolacollserolacerdanyola\/wp-json\/wp\/v2\/posts\/25725","targetHints":{"allow":["GET"]}}],"collection":[{"href":"https:\/\/agora.xtec.cat\/escolacollserolacerdanyola\/wp-json\/wp\/v2\/posts"}],"about":[{"href":"https:\/\/agora.xtec.cat\/escolacollserolacerdanyola\/wp-json\/wp\/v2\/types\/post"}],"author":[{"embeddable":true,"href":"https:\/\/agora.xtec.cat\/escolacollserolacerdanyola\/wp-json\/wp\/v2\/users\/6"}],"replies":[{"embeddable":true,"href":"https:\/\/agora.xtec.cat\/escolacollserolacerdanyola\/wp-json\/wp\/v2\/comments?post=25725"}],"version-history":[{"count":2,"href":"https:\/\/agora.xtec.cat\/escolacollserolacerdanyola\/wp-json\/wp\/v2\/posts\/25725\/revisions"}],"predecessor-version":[{"id":25728,"href":"https:\/\/agora.xtec.cat\/escolacollserolacerdanyola\/wp-json\/wp\/v2\/posts\/25725\/revisions\/25728"}],"wp:featuredmedia":[{"embeddable":true,"href":"https:\/\/agora.xtec.cat\/escolacollserolacerdanyola\/wp-json\/wp\/v2\/media\/25726"}],"wp:attachment":[{"href":"https:\/\/agora.xtec.cat\/escolacollserolacerdanyola\/wp-json\/wp\/v2\/media?parent=25725"}],"wp:term":[{"taxonomy":"category","embeddable":true,"href":"https:\/\/agora.xtec.cat\/escolacollserolacerdanyola\/wp-json\/wp\/v2\/categories?post=25725"},{"taxonomy":"post_tag","embeddable":true,"href":"https:\/\/agora.xtec.cat\/escolacollserolacerdanyola\/wp-json\/wp\/v2\/tags?post=25725"}],"curies":[{"name":"wp","href":"https:\/\/api.w.org\/{rel}","templated":true}]}}