{"id":25722,"date":"2022-05-19T20:10:15","date_gmt":"2022-05-19T18:10:15","guid":{"rendered":"https:\/\/agora.xtec.cat\/escolacollserolacerdanyola\/?p=25722"},"modified":"2022-05-19T20:21:19","modified_gmt":"2022-05-19T18:21:19","slug":"p3-experimentacio-amb-arros-tenyit","status":"publish","type":"post","link":"https:\/\/agora.xtec.cat\/escolacollserolacerdanyola\/ei3-ei4-ei5\/ei3\/p3-experimentacio-amb-arros-tenyit\/","title":{"rendered":"P3, EXPERIMENTACI\u00d3 AMB ARR\u00d2S TENYIT"},"content":{"rendered":"<p>Benvolgudes fam\u00edlies,<\/p>\n<p>Fa uns dies, els colors, van poder experimentar amb arr\u00f2s tenyit de colors. Vam preparar diferents espais:<\/p>\n<ul>\n<li>Una safata amb potets d&#8217;arr\u00f2s amb els colors de l&#8217;Arc de Sant Mart\u00ed perqu\u00e8 els colors puguin ordenar.<\/li>\n<li>Safates amb tots els colors de l&#8217;Arc de Sant Mart\u00ed per franges de colors.<\/li>\n<li>La taula de llum amb grapats d&#8217;arr\u00f2s separats.<\/li>\n<\/ul>\n<p>En cada espai tenen diferents estris per poder experimentar, jugar, manipular, fer transvasaments, etc.<\/p>\n<p>Els colors s&#8217;ho han passat genial i els ha agradat molt l&#8217;activitat proposada, aix\u00f2 s\u00ed hem tingut arr\u00f2s de colors per tota l&#8217;aula, per\u00f2 ha valgut la pena veure com han gaudit, observat i descobert coses com que hi havia un colador que no deixava passar l&#8217;arr\u00f2s i un altre s\u00ed.<\/p>\n<p style=\"text-align: center\"><a href=\"https:\/\/photos.app.goo.gl\/HyDF4yf5Ch7wBm6x9\"><img loading=\"lazy\" decoding=\"async\" class=\"size-medium wp-image-25723 aligncenter\" src=\"https:\/\/agora.xtec.cat\/escolacollserolacerdanyola\/wp-content\/uploads\/usu1390\/2022\/05\/20220429_092334-300x225.jpg\" alt=\"\" width=\"300\" height=\"225\" srcset=\"https:\/\/agora.xtec.cat\/escolacollserolacerdanyola\/wp-content\/uploads\/usu1390\/2022\/05\/20220429_092334-300x225.jpg 300w, https:\/\/agora.xtec.cat\/escolacollserolacerdanyola\/wp-content\/uploads\/usu1390\/2022\/05\/20220429_092334-1024x768.jpg 1024w, https:\/\/agora.xtec.cat\/escolacollserolacerdanyola\/wp-content\/uploads\/usu1390\/2022\/05\/20220429_092334-768x576.jpg 768w, https:\/\/agora.xtec.cat\/escolacollserolacerdanyola\/wp-content\/uploads\/usu1390\/2022\/05\/20220429_092334-1536x1152.jpg 1536w, https:\/\/agora.xtec.cat\/escolacollserolacerdanyola\/wp-content\/uploads\/usu1390\/2022\/05\/20220429_092334-2048x1536.jpg 2048w, https:\/\/agora.xtec.cat\/escolacollserolacerdanyola\/wp-content\/uploads\/usu1390\/2022\/05\/20220429_092334-200x150.jpg 200w\" sizes=\"auto, (max-width: 300px) 100vw, 300px\" \/><\/a>Desitgem que us agrada les fotografies<\/p>\n<p>Esperem que us agradi.<\/p>\n<p>Salutacions<\/p>\n<p>Els Colors i les mestres de P3<\/p>\n<p>&nbsp;<\/p>\n<p>&nbsp;<\/p>\n","protected":false},"excerpt":{"rendered":"<p>Benvolgudes fam\u00edlies,<br \/>\nFa uns dies, els colors, van poder experimentar amb arr\u00f2s tenyit de colors. Vam preparar diferents espais:<\/p>\n<ul>\n<li>Una safata amb potets d&#8217;arr\u00f2s amb els colors de l&#8217;Arc de Sant Mart\u00ed perqu\u00e8 els colors puguin ordenar.<\/li>\n<li>Safates amb tots els colors de l&#8217;Arc de Sant Mart\u00ed per&hellip;  <a href=\"https:\/\/agora.xtec.cat\/escolacollserolacerdanyola\/ei3-ei4-ei5\/ei3\/p3-experimentacio-amb-arros-tenyit\/\" title=\"Read P3, EXPERIMENTACI\u00d3 AMB ARR\u00d2S TENYIT\">Llegeix m\u00e9s\u00bb<\/a><br \/>\n","protected":false},"author":6,"featured_media":25723,"comment_status":"open","ping_status":"closed","sticky":false,"template":"","format":"standard","meta":{"_bbp_topic_count":0,"_bbp_reply_count":0,"_bbp_total_topic_count":0,"_bbp_total_reply_count":0,"_bbp_voice_count":0,"_bbp_anonymous_reply_count":0,"_bbp_topic_count_hidden":0,"_bbp_reply_count_hidden":0,"_bbp_forum_subforum_count":0,"footnotes":""},"categories":[3],"tags":[],"class_list":["post-25722","post","type-post","status-publish","format-standard","has-post-thumbnail","hentry","category-ei3"],"post_mailing_queue_ids":[],"_links":{"self":[{"href":"https:\/\/agora.xtec.cat\/escolacollserolacerdanyola\/wp-json\/wp\/v2\/posts\/25722","targetHints":{"allow":["GET"]}}],"collection":[{"href":"https:\/\/agora.xtec.cat\/escolacollserolacerdanyola\/wp-json\/wp\/v2\/posts"}],"about":[{"href":"https:\/\/agora.xtec.cat\/escolacollserolacerdanyola\/wp-json\/wp\/v2\/types\/post"}],"author":[{"embeddable":true,"href":"https:\/\/agora.xtec.cat\/escolacollserolacerdanyola\/wp-json\/wp\/v2\/users\/6"}],"replies":[{"embeddable":true,"href":"https:\/\/agora.xtec.cat\/escolacollserolacerdanyola\/wp-json\/wp\/v2\/comments?post=25722"}],"version-history":[{"count":2,"href":"https:\/\/agora.xtec.cat\/escolacollserolacerdanyola\/wp-json\/wp\/v2\/posts\/25722\/revisions"}],"predecessor-version":[{"id":25729,"href":"https:\/\/agora.xtec.cat\/escolacollserolacerdanyola\/wp-json\/wp\/v2\/posts\/25722\/revisions\/25729"}],"wp:featuredmedia":[{"embeddable":true,"href":"https:\/\/agora.xtec.cat\/escolacollserolacerdanyola\/wp-json\/wp\/v2\/media\/25723"}],"wp:attachment":[{"href":"https:\/\/agora.xtec.cat\/escolacollserolacerdanyola\/wp-json\/wp\/v2\/media?parent=25722"}],"wp:term":[{"taxonomy":"category","embeddable":true,"href":"https:\/\/agora.xtec.cat\/escolacollserolacerdanyola\/wp-json\/wp\/v2\/categories?post=25722"},{"taxonomy":"post_tag","embeddable":true,"href":"https:\/\/agora.xtec.cat\/escolacollserolacerdanyola\/wp-json\/wp\/v2\/tags?post=25722"}],"curies":[{"name":"wp","href":"https:\/\/api.w.org\/{rel}","templated":true}]}}