{"id":25704,"date":"2022-05-17T11:52:14","date_gmt":"2022-05-17T09:52:14","guid":{"rendered":"https:\/\/agora.xtec.cat\/escolacollserolacerdanyola\/?p=25704"},"modified":"2022-05-17T11:52:14","modified_gmt":"2022-05-17T09:52:14","slug":"audicio-musical-ateneu-de-cerdanyola","status":"publish","type":"post","link":"https:\/\/agora.xtec.cat\/escolacollserolacerdanyola\/portada\/audicio-musical-ateneu-de-cerdanyola\/","title":{"rendered":"AUDICI\u00d3 MUSICAL ATENEU DE CERDANYOLA"},"content":{"rendered":"<p style=\"text-align: center\">El dilluns dia 16 de juny els nens i nenes de 3r vam anar a veure una audici\u00f3 musical de vent, on vam veure diferents instruments de la fam\u00edlia de vent fusta o metall. Tamb\u00e9 vam aprendre com ho fan perqu\u00e8 soni tan b\u00e9, quins s\u00f3n els elements importants de cada instrument i al final ens van tocar can\u00e7ons conegudes de Disney.<\/p>\n<p>&nbsp;<\/p>\n<p><a href=\"https:\/\/agora.xtec.cat\/escolacollserolacerdanyola\/wp-content\/uploads\/usu1390\/2022\/05\/IMG_20220516_093308-scaled.jpg\"><img loading=\"lazy\" decoding=\"async\" class=\"alignnone  wp-image-25705\" src=\"https:\/\/agora.xtec.cat\/escolacollserolacerdanyola\/wp-content\/uploads\/usu1390\/2022\/05\/IMG_20220516_093308-300x224.jpg\" alt=\"\" width=\"370\" height=\"276\" \/><\/a><a href=\"https:\/\/agora.xtec.cat\/escolacollserolacerdanyola\/wp-content\/uploads\/usu1390\/2022\/05\/IMG_20220516_095651-scaled.jpg\"><img loading=\"lazy\" decoding=\"async\" class=\"alignnone  wp-image-25706\" src=\"https:\/\/agora.xtec.cat\/escolacollserolacerdanyola\/wp-content\/uploads\/usu1390\/2022\/05\/IMG_20220516_095651-300x224.jpg\" alt=\"\" width=\"368\" height=\"275\" srcset=\"https:\/\/agora.xtec.cat\/escolacollserolacerdanyola\/wp-content\/uploads\/usu1390\/2022\/05\/IMG_20220516_095651-300x224.jpg 300w, https:\/\/agora.xtec.cat\/escolacollserolacerdanyola\/wp-content\/uploads\/usu1390\/2022\/05\/IMG_20220516_095651-1024x766.jpg 1024w, https:\/\/agora.xtec.cat\/escolacollserolacerdanyola\/wp-content\/uploads\/usu1390\/2022\/05\/IMG_20220516_095651-768x575.jpg 768w, https:\/\/agora.xtec.cat\/escolacollserolacerdanyola\/wp-content\/uploads\/usu1390\/2022\/05\/IMG_20220516_095651-1536x1149.jpg 1536w, https:\/\/agora.xtec.cat\/escolacollserolacerdanyola\/wp-content\/uploads\/usu1390\/2022\/05\/IMG_20220516_095651-2048x1532.jpg 2048w, https:\/\/agora.xtec.cat\/escolacollserolacerdanyola\/wp-content\/uploads\/usu1390\/2022\/05\/IMG_20220516_095651-200x150.jpg 200w\" sizes=\"auto, (max-width: 368px) 100vw, 368px\" \/><\/a><a href=\"https:\/\/agora.xtec.cat\/escolacollserolacerdanyola\/wp-content\/uploads\/usu1390\/2022\/05\/IMG_20220516_101706-scaled.jpg\"><img loading=\"lazy\" decoding=\"async\" class=\"alignnone  wp-image-25707\" src=\"https:\/\/agora.xtec.cat\/escolacollserolacerdanyola\/wp-content\/uploads\/usu1390\/2022\/05\/IMG_20220516_101706-300x224.jpg\" alt=\"\" width=\"381\" height=\"285\" srcset=\"https:\/\/agora.xtec.cat\/escolacollserolacerdanyola\/wp-content\/uploads\/usu1390\/2022\/05\/IMG_20220516_101706-300x224.jpg 300w, https:\/\/agora.xtec.cat\/escolacollserolacerdanyola\/wp-content\/uploads\/usu1390\/2022\/05\/IMG_20220516_101706-1024x766.jpg 1024w, https:\/\/agora.xtec.cat\/escolacollserolacerdanyola\/wp-content\/uploads\/usu1390\/2022\/05\/IMG_20220516_101706-768x575.jpg 768w, https:\/\/agora.xtec.cat\/escolacollserolacerdanyola\/wp-content\/uploads\/usu1390\/2022\/05\/IMG_20220516_101706-1536x1149.jpg 1536w, https:\/\/agora.xtec.cat\/escolacollserolacerdanyola\/wp-content\/uploads\/usu1390\/2022\/05\/IMG_20220516_101706-2048x1532.jpg 2048w, https:\/\/agora.xtec.cat\/escolacollserolacerdanyola\/wp-content\/uploads\/usu1390\/2022\/05\/IMG_20220516_101706-200x150.jpg 200w\" sizes=\"auto, (max-width: 381px) 100vw, 381px\" \/><\/a><a href=\"https:\/\/agora.xtec.cat\/escolacollserolacerdanyola\/wp-content\/uploads\/usu1390\/2022\/05\/IMG_20220516_103244-scaled.jpg\"><img loading=\"lazy\" decoding=\"async\" class=\"alignnone  wp-image-25708\" src=\"https:\/\/agora.xtec.cat\/escolacollserolacerdanyola\/wp-content\/uploads\/usu1390\/2022\/05\/IMG_20220516_103244-300x224.jpg\" alt=\"\" width=\"381\" height=\"285\" srcset=\"https:\/\/agora.xtec.cat\/escolacollserolacerdanyola\/wp-content\/uploads\/usu1390\/2022\/05\/IMG_20220516_103244-300x224.jpg 300w, https:\/\/agora.xtec.cat\/escolacollserolacerdanyola\/wp-content\/uploads\/usu1390\/2022\/05\/IMG_20220516_103244-1024x766.jpg 1024w, https:\/\/agora.xtec.cat\/escolacollserolacerdanyola\/wp-content\/uploads\/usu1390\/2022\/05\/IMG_20220516_103244-768x575.jpg 768w, https:\/\/agora.xtec.cat\/escolacollserolacerdanyola\/wp-content\/uploads\/usu1390\/2022\/05\/IMG_20220516_103244-1536x1149.jpg 1536w, https:\/\/agora.xtec.cat\/escolacollserolacerdanyola\/wp-content\/uploads\/usu1390\/2022\/05\/IMG_20220516_103244-2048x1532.jpg 2048w, https:\/\/agora.xtec.cat\/escolacollserolacerdanyola\/wp-content\/uploads\/usu1390\/2022\/05\/IMG_20220516_103244-200x150.jpg 200w\" sizes=\"auto, (max-width: 381px) 100vw, 381px\" \/><\/a><\/p>\n","protected":false},"excerpt":{"rendered":"<p>Audici\u00f3 musical &#8220;Bufa&#8221;&hellip;  <a href=\"https:\/\/agora.xtec.cat\/escolacollserolacerdanyola\/portada\/audicio-musical-ateneu-de-cerdanyola\/\" title=\"Read AUDICI\u00d3 MUSICAL ATENEU DE CERDANYOLA\">Llegeix m\u00e9s\u00bb<\/a><\/p>\n","protected":false},"author":7,"featured_media":25708,"comment_status":"open","ping_status":"closed","sticky":false,"template":"","format":"standard","meta":{"_bbp_topic_count":0,"_bbp_reply_count":0,"_bbp_total_topic_count":0,"_bbp_total_reply_count":0,"_bbp_voice_count":0,"_bbp_anonymous_reply_count":0,"_bbp_topic_count_hidden":0,"_bbp_reply_count_hidden":0,"_bbp_forum_subforum_count":0,"footnotes":""},"categories":[12,88,91,267,4,5],"tags":[474,592,670,298],"class_list":["post-25704","post","type-post","status-publish","format-standard","has-post-thumbnail","hentry","category-3r","category-concert","category-concerts","category-musica","category-portada","category-de-1r-a-6e","tag-3r","tag-3r-cicle-mitja","tag-cavernicoles","tag-musica"],"post_mailing_queue_ids":[],"_links":{"self":[{"href":"https:\/\/agora.xtec.cat\/escolacollserolacerdanyola\/wp-json\/wp\/v2\/posts\/25704","targetHints":{"allow":["GET"]}}],"collection":[{"href":"https:\/\/agora.xtec.cat\/escolacollserolacerdanyola\/wp-json\/wp\/v2\/posts"}],"about":[{"href":"https:\/\/agora.xtec.cat\/escolacollserolacerdanyola\/wp-json\/wp\/v2\/types\/post"}],"author":[{"embeddable":true,"href":"https:\/\/agora.xtec.cat\/escolacollserolacerdanyola\/wp-json\/wp\/v2\/users\/7"}],"replies":[{"embeddable":true,"href":"https:\/\/agora.xtec.cat\/escolacollserolacerdanyola\/wp-json\/wp\/v2\/comments?post=25704"}],"version-history":[{"count":4,"href":"https:\/\/agora.xtec.cat\/escolacollserolacerdanyola\/wp-json\/wp\/v2\/posts\/25704\/revisions"}],"predecessor-version":[{"id":25713,"href":"https:\/\/agora.xtec.cat\/escolacollserolacerdanyola\/wp-json\/wp\/v2\/posts\/25704\/revisions\/25713"}],"wp:featuredmedia":[{"embeddable":true,"href":"https:\/\/agora.xtec.cat\/escolacollserolacerdanyola\/wp-json\/wp\/v2\/media\/25708"}],"wp:attachment":[{"href":"https:\/\/agora.xtec.cat\/escolacollserolacerdanyola\/wp-json\/wp\/v2\/media?parent=25704"}],"wp:term":[{"taxonomy":"category","embeddable":true,"href":"https:\/\/agora.xtec.cat\/escolacollserolacerdanyola\/wp-json\/wp\/v2\/categories?post=25704"},{"taxonomy":"post_tag","embeddable":true,"href":"https:\/\/agora.xtec.cat\/escolacollserolacerdanyola\/wp-json\/wp\/v2\/tags?post=25704"}],"curies":[{"name":"wp","href":"https:\/\/api.w.org\/{rel}","templated":true}]}}