{"id":25666,"date":"2022-04-15T09:02:26","date_gmt":"2022-04-15T07:02:26","guid":{"rendered":"https:\/\/agora.xtec.cat\/escolacollserolacerdanyola\/?p=25666"},"modified":"2022-05-01T09:14:35","modified_gmt":"2022-05-01T07:14:35","slug":"6e-taller-la-importancia-de-la-paraula","status":"publish","type":"post","link":"https:\/\/agora.xtec.cat\/escolacollserolacerdanyola\/de-1r-a-6e\/6e\/6e-taller-la-importancia-de-la-paraula\/","title":{"rendered":"6\u00e8 Taller &#8220;La import\u00e0ncia de la paraula&#8221;"},"content":{"rendered":"<p><a href=\"https:\/\/photos.app.goo.gl\/t1URLb1c57e8eG8aA\">6\u00e8 &#8220;La import\u00e0ncia de la paraula&#8221;<\/a><\/p>\n<p>La import\u00e0ncia de la paraula \u00e9s un taller emmarcat dins del bloc &#8220;Igualtat, solidaritat i conviv\u00e8ncia&#8221; del programa CERDANYOLA EDUCA. Tenint en compte que el llenguatge \u00e9s una eina de comunicaci\u00f3 imprescindible pel desenvolupament de les relacions socials. En aquest taller, es va treballar per desmuntar estereotips i rols de g\u00e8nere assignats a les dones a trav\u00e9s del llenguatge, per tal de fomentar l&#8217;\u00fas d&#8217;un llenguatge m\u00e9s igualitari. Els tres objectius b\u00e0sics de l&#8217;activitat:<\/p>\n<ul>\n<li>Detectar i visualitzar el sexisme existent en el llenguatge, a trav\u00e9s de l\u2019an\u00e0lisi de mots i expressions de la llengua catalana i castellana.<\/li>\n<li>Reflexionar sobre l\u2019\u00fas del llenguatge com a transmissor d\u2019estereotips de g\u00e8nere.<\/li>\n<li>Proporcionar a l\u2019alumnat paraules alternatives a l\u2019\u00fas sexista del llenguatge.<\/li>\n<\/ul>\n","protected":false},"excerpt":{"rendered":"<p><a href=\"https:\/\/photos.app.goo.gl\/t1URLb1c57e8eG8aA\">6\u00e8 &#8220;La import\u00e0ncia de la paraula&#8221;<\/a><br \/>\nLa import\u00e0ncia de la paraula \u00e9s un taller emmarcat dins del bloc &#8220;Igualtat, solidaritat i conviv\u00e8ncia&#8221; del programa CERDANYOLA EDUCA. Tenint en compte que el llenguatge \u00e9s una eina de comunicaci\u00f3 imprescindible pel desenvolupament de les relacions socials. En&hellip;  <a href=\"https:\/\/agora.xtec.cat\/escolacollserolacerdanyola\/de-1r-a-6e\/6e\/6e-taller-la-importancia-de-la-paraula\/\" title=\"Read 6\u00e8 Taller &#8220;La import\u00e0ncia de la paraula&#8221;\">Llegeix m\u00e9s\u00bb<\/a><\/p>\n","protected":false},"author":9,"featured_media":25667,"comment_status":"open","ping_status":"closed","sticky":false,"template":"","format":"standard","meta":{"_bbp_topic_count":0,"_bbp_reply_count":0,"_bbp_total_topic_count":0,"_bbp_total_reply_count":0,"_bbp_voice_count":0,"_bbp_anonymous_reply_count":0,"_bbp_topic_count_hidden":0,"_bbp_reply_count_hidden":0,"_bbp_forum_subforum_count":0,"footnotes":""},"categories":[15,86],"tags":[],"class_list":["post-25666","post","type-post","status-publish","format-standard","has-post-thumbnail","hentry","category-6e","category-grans"],"post_mailing_queue_ids":[],"_links":{"self":[{"href":"https:\/\/agora.xtec.cat\/escolacollserolacerdanyola\/wp-json\/wp\/v2\/posts\/25666","targetHints":{"allow":["GET"]}}],"collection":[{"href":"https:\/\/agora.xtec.cat\/escolacollserolacerdanyola\/wp-json\/wp\/v2\/posts"}],"about":[{"href":"https:\/\/agora.xtec.cat\/escolacollserolacerdanyola\/wp-json\/wp\/v2\/types\/post"}],"author":[{"embeddable":true,"href":"https:\/\/agora.xtec.cat\/escolacollserolacerdanyola\/wp-json\/wp\/v2\/users\/9"}],"replies":[{"embeddable":true,"href":"https:\/\/agora.xtec.cat\/escolacollserolacerdanyola\/wp-json\/wp\/v2\/comments?post=25666"}],"version-history":[{"count":1,"href":"https:\/\/agora.xtec.cat\/escolacollserolacerdanyola\/wp-json\/wp\/v2\/posts\/25666\/revisions"}],"predecessor-version":[{"id":25668,"href":"https:\/\/agora.xtec.cat\/escolacollserolacerdanyola\/wp-json\/wp\/v2\/posts\/25666\/revisions\/25668"}],"wp:featuredmedia":[{"embeddable":true,"href":"https:\/\/agora.xtec.cat\/escolacollserolacerdanyola\/wp-json\/wp\/v2\/media\/25667"}],"wp:attachment":[{"href":"https:\/\/agora.xtec.cat\/escolacollserolacerdanyola\/wp-json\/wp\/v2\/media?parent=25666"}],"wp:term":[{"taxonomy":"category","embeddable":true,"href":"https:\/\/agora.xtec.cat\/escolacollserolacerdanyola\/wp-json\/wp\/v2\/categories?post=25666"},{"taxonomy":"post_tag","embeddable":true,"href":"https:\/\/agora.xtec.cat\/escolacollserolacerdanyola\/wp-json\/wp\/v2\/tags?post=25666"}],"curies":[{"name":"wp","href":"https:\/\/api.w.org\/{rel}","templated":true}]}}