{"id":25661,"date":"2022-04-30T08:42:18","date_gmt":"2022-04-30T06:42:18","guid":{"rendered":"https:\/\/agora.xtec.cat\/escolacollserolacerdanyola\/?p=25661"},"modified":"2022-05-01T10:55:33","modified_gmt":"2022-05-01T08:55:33","slug":"6e-cursa-ies-forat-del-vent","status":"publish","type":"post","link":"https:\/\/agora.xtec.cat\/escolacollserolacerdanyola\/de-1r-a-6e\/6e-cursa-ies-forat-del-vent\/","title":{"rendered":"6\u00e8 CURSA IES FORAT DEL VENT"},"content":{"rendered":"<p><a href=\"https:\/\/photos.app.goo.gl\/si9FbaxoHBKj4mJw5\">6\u00e8 Cursa IES Forat del Vent<\/a><\/p>\n<p>Divendres 29 d&#8217;abril l&#8217;alumnat de 6\u00e8 va participar a la Cursa solid\u00e0ria organitzada per l&#8217;Institut Forat de Vent. Felicitem a tots i a totes els i les alumnes que van participar, ho van fer GENIAL. Tamb\u00e9 felicitem a la Laura Lara, la nostra s\u00faper mestra d&#8217; Educaci\u00f3 F\u00edsica.<\/p>\n","protected":false},"excerpt":{"rendered":"<p><a href=\"https:\/\/photos.app.goo.gl\/si9FbaxoHBKj4mJw5\">6\u00e8 Cursa IES Forat del Vent<\/a><br \/>\nDivendres 29 d&#8217;abril l&#8217;alumnat de 6\u00e8 va participar a la Cursa solid\u00e0ria organitzada per l&#8217;Institut Forat de Vent. Felicitem a tots i a totes els i les alumnes que van participar, ho van fer GENIAL. Tamb\u00e9 felicitem a la&hellip;  <a href=\"https:\/\/agora.xtec.cat\/escolacollserolacerdanyola\/de-1r-a-6e\/6e-cursa-ies-forat-del-vent\/\" title=\"Read 6\u00e8 CURSA IES FORAT DEL VENT\">Llegeix m\u00e9s\u00bb<\/a><\/p>\n","protected":false},"author":9,"featured_media":25662,"comment_status":"open","ping_status":"closed","sticky":false,"template":"","format":"standard","meta":{"_bbp_topic_count":0,"_bbp_reply_count":0,"_bbp_total_topic_count":0,"_bbp_total_reply_count":0,"_bbp_voice_count":0,"_bbp_anonymous_reply_count":0,"_bbp_topic_count_hidden":0,"_bbp_reply_count_hidden":0,"_bbp_forum_subforum_count":0,"footnotes":""},"categories":[15,268,86,5],"tags":[],"class_list":["post-25661","post","type-post","status-publish","format-standard","has-post-thumbnail","hentry","category-6e","category-educacio-fisica","category-grans","category-de-1r-a-6e"],"post_mailing_queue_ids":[],"_links":{"self":[{"href":"https:\/\/agora.xtec.cat\/escolacollserolacerdanyola\/wp-json\/wp\/v2\/posts\/25661","targetHints":{"allow":["GET"]}}],"collection":[{"href":"https:\/\/agora.xtec.cat\/escolacollserolacerdanyola\/wp-json\/wp\/v2\/posts"}],"about":[{"href":"https:\/\/agora.xtec.cat\/escolacollserolacerdanyola\/wp-json\/wp\/v2\/types\/post"}],"author":[{"embeddable":true,"href":"https:\/\/agora.xtec.cat\/escolacollserolacerdanyola\/wp-json\/wp\/v2\/users\/9"}],"replies":[{"embeddable":true,"href":"https:\/\/agora.xtec.cat\/escolacollserolacerdanyola\/wp-json\/wp\/v2\/comments?post=25661"}],"version-history":[{"count":3,"href":"https:\/\/agora.xtec.cat\/escolacollserolacerdanyola\/wp-json\/wp\/v2\/posts\/25661\/revisions"}],"predecessor-version":[{"id":25665,"href":"https:\/\/agora.xtec.cat\/escolacollserolacerdanyola\/wp-json\/wp\/v2\/posts\/25661\/revisions\/25665"}],"wp:featuredmedia":[{"embeddable":true,"href":"https:\/\/agora.xtec.cat\/escolacollserolacerdanyola\/wp-json\/wp\/v2\/media\/25662"}],"wp:attachment":[{"href":"https:\/\/agora.xtec.cat\/escolacollserolacerdanyola\/wp-json\/wp\/v2\/media?parent=25661"}],"wp:term":[{"taxonomy":"category","embeddable":true,"href":"https:\/\/agora.xtec.cat\/escolacollserolacerdanyola\/wp-json\/wp\/v2\/categories?post=25661"},{"taxonomy":"post_tag","embeddable":true,"href":"https:\/\/agora.xtec.cat\/escolacollserolacerdanyola\/wp-json\/wp\/v2\/tags?post=25661"}],"curies":[{"name":"wp","href":"https:\/\/api.w.org\/{rel}","templated":true}]}}