{"id":25628,"date":"2022-04-08T00:00:28","date_gmt":"2022-04-07T22:00:28","guid":{"rendered":"https:\/\/agora.xtec.cat\/escolacollserolacerdanyola\/?p=25628"},"modified":"2022-04-25T13:54:45","modified_gmt":"2022-04-25T11:54:45","slug":"som-artistes","status":"publish","type":"post","link":"https:\/\/agora.xtec.cat\/escolacollserolacerdanyola\/de-1r-a-6e\/som-artistes\/","title":{"rendered":"SOM ARTISTES"},"content":{"rendered":"<p>A les nenes i els nens de Cicle de Mitjans, ens ha encantat acabar el segon trimestre amb les Jornades Culturals: Som Artistes!!!<\/p>\n<p>Despr\u00e9s d&#8217;un inici de trimestre tant accidentat ha estat s\u00faper b\u00e9 poder tornar a fer activitats conjuntes i gaudir de totes elles.<\/p>\n<p>Aqu\u00ed us deixem un tastet d&#8217;una setmana tan emocionant. Esperem que us ho passeu tant b\u00e9 mirant-les com nosaltres fent-les!!!!!<\/p>\n<p><a href=\"https:\/\/photos.app.goo.gl\/qN5MHJoeNF8d3XZk9\">Inauguraci\u00f3 jornades. Festa Holi<\/a><\/p>\n<p><a href=\"https:\/\/photos.app.goo.gl\/D5tfgRiQVJ1ghAuUA\">Tintem samarretes<\/a><\/p>\n<p><a href=\"https:\/\/photos.app.goo.gl\/cPrkteY7eMUAjmTL7\">Tapissos creatius<\/a><\/p>\n<p><a href=\"https:\/\/photos.app.goo.gl\/QTwSXwuZNNWgs7i69\">Fem una dansa<\/a><\/p>\n<p><a href=\"https:\/\/photos.app.goo.gl\/7XMDHVxGadjd8g7T6\">Oceanart<\/a><\/p>\n<p><a href=\"https:\/\/photos.app.goo.gl\/g3gh4ETqv4qDExaW6\">Les dones i l&#8217;art<\/a><\/p>\n<p><a href=\"https:\/\/photos.app.goo.gl\/iA8MYHCSwKqPFNMV6\">Cloenda de les Jornades: Gimcana de l&#8217;art<\/a><\/p>\n<p>&nbsp;<\/p>\n<p>&nbsp;<\/p>\n","protected":false},"excerpt":{"rendered":"<p>A les nenes i els nens de Cicle de Mitjans, ens ha encantat acabar el segon trimestre amb les Jornades Culturals: Som Artistes!!!<br \/>\nDespr\u00e9s d&#8217;un inici de trimestre tant accidentat ha estat s\u00faper b\u00e9 poder tornar a fer activitats conjuntes i gaudir de totes elles.<br \/>\nAqu\u00ed us&hellip;  <a href=\"https:\/\/agora.xtec.cat\/escolacollserolacerdanyola\/de-1r-a-6e\/som-artistes\/\" title=\"Read SOM ARTISTES\">Llegeix m\u00e9s\u00bb<\/a><\/p>\n","protected":false},"author":7,"featured_media":25601,"comment_status":"open","ping_status":"closed","sticky":false,"template":"","format":"standard","meta":{"_bbp_topic_count":0,"_bbp_reply_count":0,"_bbp_total_topic_count":0,"_bbp_total_reply_count":0,"_bbp_voice_count":0,"_bbp_anonymous_reply_count":0,"_bbp_topic_count_hidden":0,"_bbp_reply_count_hidden":0,"_bbp_forum_subforum_count":0,"footnotes":""},"categories":[10,11,12,5],"tags":[],"class_list":["post-25628","post","type-post","status-publish","format-standard","has-post-thumbnail","hentry","category-1r","category-2n","category-3r","category-de-1r-a-6e"],"post_mailing_queue_ids":[],"_links":{"self":[{"href":"https:\/\/agora.xtec.cat\/escolacollserolacerdanyola\/wp-json\/wp\/v2\/posts\/25628","targetHints":{"allow":["GET"]}}],"collection":[{"href":"https:\/\/agora.xtec.cat\/escolacollserolacerdanyola\/wp-json\/wp\/v2\/posts"}],"about":[{"href":"https:\/\/agora.xtec.cat\/escolacollserolacerdanyola\/wp-json\/wp\/v2\/types\/post"}],"author":[{"embeddable":true,"href":"https:\/\/agora.xtec.cat\/escolacollserolacerdanyola\/wp-json\/wp\/v2\/users\/7"}],"replies":[{"embeddable":true,"href":"https:\/\/agora.xtec.cat\/escolacollserolacerdanyola\/wp-json\/wp\/v2\/comments?post=25628"}],"version-history":[{"count":1,"href":"https:\/\/agora.xtec.cat\/escolacollserolacerdanyola\/wp-json\/wp\/v2\/posts\/25628\/revisions"}],"predecessor-version":[{"id":25636,"href":"https:\/\/agora.xtec.cat\/escolacollserolacerdanyola\/wp-json\/wp\/v2\/posts\/25628\/revisions\/25636"}],"wp:featuredmedia":[{"embeddable":true,"href":"https:\/\/agora.xtec.cat\/escolacollserolacerdanyola\/wp-json\/wp\/v2\/media\/25601"}],"wp:attachment":[{"href":"https:\/\/agora.xtec.cat\/escolacollserolacerdanyola\/wp-json\/wp\/v2\/media?parent=25628"}],"wp:term":[{"taxonomy":"category","embeddable":true,"href":"https:\/\/agora.xtec.cat\/escolacollserolacerdanyola\/wp-json\/wp\/v2\/categories?post=25628"},{"taxonomy":"post_tag","embeddable":true,"href":"https:\/\/agora.xtec.cat\/escolacollserolacerdanyola\/wp-json\/wp\/v2\/tags?post=25628"}],"curies":[{"name":"wp","href":"https:\/\/api.w.org\/{rel}","templated":true}]}}