{"id":25581,"date":"2022-04-09T22:17:16","date_gmt":"2022-04-09T20:17:16","guid":{"rendered":"https:\/\/agora.xtec.cat\/escolacollserolacerdanyola\/?p=25581"},"modified":"2022-04-09T22:17:16","modified_gmt":"2022-04-09T20:17:16","slug":"els-fongs-5e","status":"publish","type":"post","link":"https:\/\/agora.xtec.cat\/escolacollserolacerdanyola\/portadageneral\/els-fongs-5e\/","title":{"rendered":"Els fongs.5\u00e8"},"content":{"rendered":"<p><span style=\"font-weight: 400\">Durant el primer trimestre i principis del segon vam acabar el projecte dels fongs, on vam fer una investigaci\u00f3 del que eren, com es produeixen, i fins i tot en vam cultivar a l\u2019escola per despr\u00e9s poder-los observar amb el microscopi. Vam fer experiments i vam fer una aproximaci\u00f3 al m\u00e8tode cient\u00edfic. Vam acabar compartint els nostres aprenentatges amb unes exposicions orals. Aqu\u00ed teniu imatges de tot el proc\u00e9s.<\/span><\/p>\n<p><a href=\"https:\/\/photos.app.goo.gl\/6vgNbx9J58t2AFsz7\">Fongs<\/a><\/p>\n","protected":false},"excerpt":{"rendered":"<p>Durant el primer trimestre i principis del segon vam acabar el projecte dels fongs, on vam fer una investigaci\u00f3 del que eren, com es produeixen, i fins i tot en vam cultivar a l\u2019escola per despr\u00e9s poder-los observar amb el microscopi. Vam fer experiments i&hellip;  <a href=\"https:\/\/agora.xtec.cat\/escolacollserolacerdanyola\/portadageneral\/els-fongs-5e\/\" title=\"Read Els fongs.5\u00e8\">Llegeix m\u00e9s\u00bb<\/a><\/p>\n","protected":false},"author":9,"featured_media":25587,"comment_status":"open","ping_status":"closed","sticky":false,"template":"","format":"standard","meta":{"_bbp_topic_count":0,"_bbp_reply_count":0,"_bbp_total_topic_count":0,"_bbp_total_reply_count":0,"_bbp_voice_count":0,"_bbp_anonymous_reply_count":0,"_bbp_topic_count_hidden":0,"_bbp_reply_count_hidden":0,"_bbp_forum_subforum_count":0,"footnotes":""},"categories":[14,86,1,5],"tags":[],"class_list":["post-25581","post","type-post","status-publish","format-standard","has-post-thumbnail","hentry","category-5e","category-grans","category-portadageneral","category-de-1r-a-6e"],"post_mailing_queue_ids":[],"_links":{"self":[{"href":"https:\/\/agora.xtec.cat\/escolacollserolacerdanyola\/wp-json\/wp\/v2\/posts\/25581","targetHints":{"allow":["GET"]}}],"collection":[{"href":"https:\/\/agora.xtec.cat\/escolacollserolacerdanyola\/wp-json\/wp\/v2\/posts"}],"about":[{"href":"https:\/\/agora.xtec.cat\/escolacollserolacerdanyola\/wp-json\/wp\/v2\/types\/post"}],"author":[{"embeddable":true,"href":"https:\/\/agora.xtec.cat\/escolacollserolacerdanyola\/wp-json\/wp\/v2\/users\/9"}],"replies":[{"embeddable":true,"href":"https:\/\/agora.xtec.cat\/escolacollserolacerdanyola\/wp-json\/wp\/v2\/comments?post=25581"}],"version-history":[{"count":2,"href":"https:\/\/agora.xtec.cat\/escolacollserolacerdanyola\/wp-json\/wp\/v2\/posts\/25581\/revisions"}],"predecessor-version":[{"id":25588,"href":"https:\/\/agora.xtec.cat\/escolacollserolacerdanyola\/wp-json\/wp\/v2\/posts\/25581\/revisions\/25588"}],"wp:featuredmedia":[{"embeddable":true,"href":"https:\/\/agora.xtec.cat\/escolacollserolacerdanyola\/wp-json\/wp\/v2\/media\/25587"}],"wp:attachment":[{"href":"https:\/\/agora.xtec.cat\/escolacollserolacerdanyola\/wp-json\/wp\/v2\/media?parent=25581"}],"wp:term":[{"taxonomy":"category","embeddable":true,"href":"https:\/\/agora.xtec.cat\/escolacollserolacerdanyola\/wp-json\/wp\/v2\/categories?post=25581"},{"taxonomy":"post_tag","embeddable":true,"href":"https:\/\/agora.xtec.cat\/escolacollserolacerdanyola\/wp-json\/wp\/v2\/tags?post=25581"}],"curies":[{"name":"wp","href":"https:\/\/api.w.org\/{rel}","templated":true}]}}