{"id":25578,"date":"2022-04-09T21:51:23","date_gmt":"2022-04-09T19:51:23","guid":{"rendered":"https:\/\/agora.xtec.cat\/escolacollserolacerdanyola\/?p=25578"},"modified":"2022-04-09T21:52:47","modified_gmt":"2022-04-09T19:52:47","slug":"no-a-la-guerra-5e","status":"publish","type":"post","link":"https:\/\/agora.xtec.cat\/escolacollserolacerdanyola\/de-1r-a-6e\/no-a-la-guerra-5e\/","title":{"rendered":"No a la guerra. 5\u00e8"},"content":{"rendered":"<p><span style=\"font-weight: 400\">El dia 4 de mar\u00e7, en rebuig a la situaci\u00f3 que est\u00e0 vivint Ucra\u00efna per part de R\u00fassia, tots els nens i nenes de l\u2019escola van voler mostrar p\u00fablicament el seu rebuig cap a la guerra i la viol\u00e8ncia. Vam fer tot d\u2019activitats al pati: vam fer pancartes, vam fer jocs cooperatius, vam llegir el manifest que els nens i nenes de cinqu\u00e8 van fer de manera col\u00b7laborativa, i vam fer el signe de la pau entre tots i totes, mentre sonaven can\u00e7ons de pau i de no viol\u00e8ncia. Ens vam emocionar molt i esperem que amb actes com aquests, els dirigents que es dediquen a fer la guerra, s\u2019adonin que hi ha altres maneres de fer les coses, i que la via sempre, sempre, \u00e9s el di\u00e0leg.<\/span><\/p>\n<p><a href=\"https:\/\/photos.app.goo.gl\/HXytAt1LShyPVdqr8\">No a la guerra!<\/a><\/p>\n","protected":false},"excerpt":{"rendered":"<p>El dia 4 de mar\u00e7, en rebuig a la situaci\u00f3 que est\u00e0 vivint Ucra\u00efna per part de R\u00fassia, tots els nens i nenes de l\u2019escola van voler mostrar p\u00fablicament el seu rebuig cap a la guerra i la viol\u00e8ncia. Vam fer tot d\u2019activitats al pati:&hellip;  <a href=\"https:\/\/agora.xtec.cat\/escolacollserolacerdanyola\/de-1r-a-6e\/no-a-la-guerra-5e\/\" title=\"Read No a la guerra. 5\u00e8\">Llegeix m\u00e9s\u00bb<\/a><\/p>\n","protected":false},"author":9,"featured_media":25579,"comment_status":"open","ping_status":"closed","sticky":false,"template":"","format":"standard","meta":{"_bbp_topic_count":0,"_bbp_reply_count":0,"_bbp_total_topic_count":0,"_bbp_total_reply_count":0,"_bbp_voice_count":0,"_bbp_anonymous_reply_count":0,"_bbp_topic_count_hidden":0,"_bbp_reply_count_hidden":0,"_bbp_forum_subforum_count":0,"footnotes":""},"categories":[14,86,5],"tags":[],"class_list":["post-25578","post","type-post","status-publish","format-standard","has-post-thumbnail","hentry","category-5e","category-grans","category-de-1r-a-6e"],"post_mailing_queue_ids":[],"_links":{"self":[{"href":"https:\/\/agora.xtec.cat\/escolacollserolacerdanyola\/wp-json\/wp\/v2\/posts\/25578","targetHints":{"allow":["GET"]}}],"collection":[{"href":"https:\/\/agora.xtec.cat\/escolacollserolacerdanyola\/wp-json\/wp\/v2\/posts"}],"about":[{"href":"https:\/\/agora.xtec.cat\/escolacollserolacerdanyola\/wp-json\/wp\/v2\/types\/post"}],"author":[{"embeddable":true,"href":"https:\/\/agora.xtec.cat\/escolacollserolacerdanyola\/wp-json\/wp\/v2\/users\/9"}],"replies":[{"embeddable":true,"href":"https:\/\/agora.xtec.cat\/escolacollserolacerdanyola\/wp-json\/wp\/v2\/comments?post=25578"}],"version-history":[{"count":1,"href":"https:\/\/agora.xtec.cat\/escolacollserolacerdanyola\/wp-json\/wp\/v2\/posts\/25578\/revisions"}],"predecessor-version":[{"id":25580,"href":"https:\/\/agora.xtec.cat\/escolacollserolacerdanyola\/wp-json\/wp\/v2\/posts\/25578\/revisions\/25580"}],"wp:featuredmedia":[{"embeddable":true,"href":"https:\/\/agora.xtec.cat\/escolacollserolacerdanyola\/wp-json\/wp\/v2\/media\/25579"}],"wp:attachment":[{"href":"https:\/\/agora.xtec.cat\/escolacollserolacerdanyola\/wp-json\/wp\/v2\/media?parent=25578"}],"wp:term":[{"taxonomy":"category","embeddable":true,"href":"https:\/\/agora.xtec.cat\/escolacollserolacerdanyola\/wp-json\/wp\/v2\/categories?post=25578"},{"taxonomy":"post_tag","embeddable":true,"href":"https:\/\/agora.xtec.cat\/escolacollserolacerdanyola\/wp-json\/wp\/v2\/tags?post=25578"}],"curies":[{"name":"wp","href":"https:\/\/api.w.org\/{rel}","templated":true}]}}