{"id":25567,"date":"2022-04-09T21:38:20","date_gmt":"2022-04-09T19:38:20","guid":{"rendered":"https:\/\/agora.xtec.cat\/escolacollserolacerdanyola\/?p=25567"},"modified":"2022-04-09T21:38:20","modified_gmt":"2022-04-09T19:38:20","slug":"curs-deducacio-viaria-5e","status":"publish","type":"post","link":"https:\/\/agora.xtec.cat\/escolacollserolacerdanyola\/de-1r-a-6e\/curs-deducacio-viaria-5e\/","title":{"rendered":"Curs d&#8217;educaci\u00f3 vi\u00e0ria. 5\u00e8"},"content":{"rendered":"<p><span style=\"font-weight: 400\">Aquest taller va tenir dues fases, en una primera fase ens va visitar un policia de la Gu\u00e0rdia Urbana, on ens va explicar la normativa vi\u00e0ria, vam con\u00e8ixer qu\u00e8 volen dir algunes senyals i tamb\u00e9 all\u00f2 que est\u00e0 perm\u00e8s i que no, per exemple vam aprendre que els nens i nenes no poden portar un patinet el\u00e8ctric fins els 16 anys, i que en cap cas, s\u2019hi poden anar dues persones. Vam omplir unes fitxes on s\u2019avaluava si \u00e9rem un grup que actuava amb seguretat o no. Tamb\u00e9 ens van explicar que en el moment que anem amb una bicicleta o un patinet per la carretera, passem a ser un vehicle m\u00e9s, per tant, hem d\u2019aplicar la normativa vi\u00e0ria com qualsevol altre vehicle, i sempre hem de fer \u00fas del casc.<\/span><\/p>\n<p><span style=\"font-weight: 400\">La segona part del taller va ser posar en pr\u00e0ctica tots aquest aprenentatges, vam anar al poliesportiu Xarau on hi havia preparada una pista de circulaci\u00f3, vam agafar bicicletes i vam simular una escena vi\u00e0ria. Si no respectaves els senyals o la normativa, rebies una multa, va ser molt divertit, va haver-hi qui va acumular m\u00e9s de 6 multes, i qui no en va rebre cap. Ens ho vam passar molt b\u00e9, i el m\u00e9s important, vam aprendre com ho hav\u00edem de fer per circular de forma m\u00e9s segura.<\/span><\/p>\n<p><a href=\"https:\/\/photos.app.goo.gl\/catn9GB3M6fEgo6V7\">Educaci\u00f3 vi\u00e0ria<\/a><\/p>\n","protected":false},"excerpt":{"rendered":"<p>Aquest taller va tenir dues fases, en una primera fase ens va visitar un policia de la Gu\u00e0rdia Urbana, on ens va explicar la normativa vi\u00e0ria, vam con\u00e8ixer qu\u00e8 volen dir algunes senyals i tamb\u00e9 all\u00f2 que est\u00e0 perm\u00e8s i que no, per exemple vam&hellip;  <a href=\"https:\/\/agora.xtec.cat\/escolacollserolacerdanyola\/de-1r-a-6e\/curs-deducacio-viaria-5e\/\" title=\"Read Curs d&#8217;educaci\u00f3 vi\u00e0ria. 5\u00e8\">Llegeix m\u00e9s\u00bb<\/a><\/p>\n","protected":false},"author":9,"featured_media":25568,"comment_status":"open","ping_status":"closed","sticky":false,"template":"","format":"standard","meta":{"_bbp_topic_count":0,"_bbp_reply_count":0,"_bbp_total_topic_count":0,"_bbp_total_reply_count":0,"_bbp_voice_count":0,"_bbp_anonymous_reply_count":0,"_bbp_topic_count_hidden":0,"_bbp_reply_count_hidden":0,"_bbp_forum_subforum_count":0,"footnotes":""},"categories":[14,86,5],"tags":[],"class_list":["post-25567","post","type-post","status-publish","format-standard","has-post-thumbnail","hentry","category-5e","category-grans","category-de-1r-a-6e"],"post_mailing_queue_ids":[],"_links":{"self":[{"href":"https:\/\/agora.xtec.cat\/escolacollserolacerdanyola\/wp-json\/wp\/v2\/posts\/25567","targetHints":{"allow":["GET"]}}],"collection":[{"href":"https:\/\/agora.xtec.cat\/escolacollserolacerdanyola\/wp-json\/wp\/v2\/posts"}],"about":[{"href":"https:\/\/agora.xtec.cat\/escolacollserolacerdanyola\/wp-json\/wp\/v2\/types\/post"}],"author":[{"embeddable":true,"href":"https:\/\/agora.xtec.cat\/escolacollserolacerdanyola\/wp-json\/wp\/v2\/users\/9"}],"replies":[{"embeddable":true,"href":"https:\/\/agora.xtec.cat\/escolacollserolacerdanyola\/wp-json\/wp\/v2\/comments?post=25567"}],"version-history":[{"count":1,"href":"https:\/\/agora.xtec.cat\/escolacollserolacerdanyola\/wp-json\/wp\/v2\/posts\/25567\/revisions"}],"predecessor-version":[{"id":25569,"href":"https:\/\/agora.xtec.cat\/escolacollserolacerdanyola\/wp-json\/wp\/v2\/posts\/25567\/revisions\/25569"}],"wp:featuredmedia":[{"embeddable":true,"href":"https:\/\/agora.xtec.cat\/escolacollserolacerdanyola\/wp-json\/wp\/v2\/media\/25568"}],"wp:attachment":[{"href":"https:\/\/agora.xtec.cat\/escolacollserolacerdanyola\/wp-json\/wp\/v2\/media?parent=25567"}],"wp:term":[{"taxonomy":"category","embeddable":true,"href":"https:\/\/agora.xtec.cat\/escolacollserolacerdanyola\/wp-json\/wp\/v2\/categories?post=25567"},{"taxonomy":"post_tag","embeddable":true,"href":"https:\/\/agora.xtec.cat\/escolacollserolacerdanyola\/wp-json\/wp\/v2\/tags?post=25567"}],"curies":[{"name":"wp","href":"https:\/\/api.w.org\/{rel}","templated":true}]}}