{"id":25564,"date":"2022-04-09T21:35:30","date_gmt":"2022-04-09T19:35:30","guid":{"rendered":"https:\/\/agora.xtec.cat\/escolacollserolacerdanyola\/?p=25564"},"modified":"2022-04-09T21:38:31","modified_gmt":"2022-04-09T19:38:31","slug":"ceramica-iberica","status":"publish","type":"post","link":"https:\/\/agora.xtec.cat\/escolacollserolacerdanyola\/de-1r-a-6e\/ceramica-iberica\/","title":{"rendered":"Cer\u00e0mica ib\u00e8rica. 5\u00e8"},"content":{"rendered":"<p><span style=\"font-weight: 400\">Arrel de la visita al Museu de Ca n\u2019Oliver, vam proposar fer una sessi\u00f3 de fang i provar de reproduir les peces que feia el poble Iber, amb uns torns manuals. Primer vam donar forma al nostre objecte, despr\u00e9s el vam pintar, decorar (amb incisions, sanefes\u2026) per acabar exposant-los a l\u2019escola. I aquest va ser el resultat:<\/span><\/p>\n<p><a href=\"https:\/\/photos.app.goo.gl\/vfr6p3BvhEdzuSWv6\">Cer\u00e0mica ib\u00e8rica<\/a><\/p>\n","protected":false},"excerpt":{"rendered":"<p>Arrel de la visita al Museu de Ca n\u2019Oliver, vam proposar fer una sessi\u00f3 de fang i provar de reproduir les peces que feia el poble Iber, amb uns torns manuals. Primer vam donar forma al nostre objecte, despr\u00e9s el vam pintar, decorar (amb incisions,&hellip;  <a href=\"https:\/\/agora.xtec.cat\/escolacollserolacerdanyola\/de-1r-a-6e\/ceramica-iberica\/\" title=\"Read Cer\u00e0mica ib\u00e8rica. 5\u00e8\">Llegeix m\u00e9s\u00bb<\/a><\/p>\n","protected":false},"author":9,"featured_media":25565,"comment_status":"open","ping_status":"closed","sticky":false,"template":"","format":"standard","meta":{"_bbp_topic_count":0,"_bbp_reply_count":0,"_bbp_total_topic_count":0,"_bbp_total_reply_count":0,"_bbp_voice_count":0,"_bbp_anonymous_reply_count":0,"_bbp_topic_count_hidden":0,"_bbp_reply_count_hidden":0,"_bbp_forum_subforum_count":0,"footnotes":""},"categories":[14,86,5],"tags":[],"class_list":["post-25564","post","type-post","status-publish","format-standard","has-post-thumbnail","hentry","category-5e","category-grans","category-de-1r-a-6e"],"post_mailing_queue_ids":[],"_links":{"self":[{"href":"https:\/\/agora.xtec.cat\/escolacollserolacerdanyola\/wp-json\/wp\/v2\/posts\/25564","targetHints":{"allow":["GET"]}}],"collection":[{"href":"https:\/\/agora.xtec.cat\/escolacollserolacerdanyola\/wp-json\/wp\/v2\/posts"}],"about":[{"href":"https:\/\/agora.xtec.cat\/escolacollserolacerdanyola\/wp-json\/wp\/v2\/types\/post"}],"author":[{"embeddable":true,"href":"https:\/\/agora.xtec.cat\/escolacollserolacerdanyola\/wp-json\/wp\/v2\/users\/9"}],"replies":[{"embeddable":true,"href":"https:\/\/agora.xtec.cat\/escolacollserolacerdanyola\/wp-json\/wp\/v2\/comments?post=25564"}],"version-history":[{"count":2,"href":"https:\/\/agora.xtec.cat\/escolacollserolacerdanyola\/wp-json\/wp\/v2\/posts\/25564\/revisions"}],"predecessor-version":[{"id":25570,"href":"https:\/\/agora.xtec.cat\/escolacollserolacerdanyola\/wp-json\/wp\/v2\/posts\/25564\/revisions\/25570"}],"wp:featuredmedia":[{"embeddable":true,"href":"https:\/\/agora.xtec.cat\/escolacollserolacerdanyola\/wp-json\/wp\/v2\/media\/25565"}],"wp:attachment":[{"href":"https:\/\/agora.xtec.cat\/escolacollserolacerdanyola\/wp-json\/wp\/v2\/media?parent=25564"}],"wp:term":[{"taxonomy":"category","embeddable":true,"href":"https:\/\/agora.xtec.cat\/escolacollserolacerdanyola\/wp-json\/wp\/v2\/categories?post=25564"},{"taxonomy":"post_tag","embeddable":true,"href":"https:\/\/agora.xtec.cat\/escolacollserolacerdanyola\/wp-json\/wp\/v2\/tags?post=25564"}],"curies":[{"name":"wp","href":"https:\/\/api.w.org\/{rel}","templated":true}]}}