{"id":25526,"date":"2022-04-07T18:16:01","date_gmt":"2022-04-07T16:16:01","guid":{"rendered":"https:\/\/agora.xtec.cat\/escolacollserolacerdanyola\/?p=25526"},"modified":"2022-04-07T18:16:36","modified_gmt":"2022-04-07T16:16:36","slug":"taller-pintura","status":"publish","type":"post","link":"https:\/\/agora.xtec.cat\/escolacollserolacerdanyola\/ei3-ei4-ei5\/ei4\/taller-pintura\/","title":{"rendered":"TALLER PINTURA"},"content":{"rendered":"<p>Ha vingut a la classe l\u2019artista i formadora<a href=\"https:\/\/www.gloriavivesxiol.com\/\"> Gl\u00f2ria Vives<\/a>. La Gl\u00f2ria ens ha proposat un taller de pintura ple de reptes on el resultat ha estat espectacular, no nom\u00e9s per com ha quedat sin\u00f3 per tot el proc\u00e9s.<\/p>\n<p>Ens ha presentat els pares i mares dels colors: el no color (blanc), el groc proc\u00e9s, el blau zian i el rosa magenta. Hem barrejat individualment en un plat aquests colors amb quantitats diferents i hem vist que sortien molts altres colors amb tonalitats diferents (verds, ataronjats, grisos, etc.). Tot seguit, hem comen\u00e7at a pintar individualment o en petits grups, com volgu\u00e9ssim. Hem pintat de peu i tamb\u00e9 a terra. Per acabar, hem fet una petita trobada per parlar de les descobertes, que com ja veureu a les fotos, \u00a0no han estat poques. Cliqueu a la foto i veureu quin plaer \u00e9s pintar!.<a href=\"https:\/\/photos.app.goo.gl\/pdSwP3w7iBhX7Mea7\"><img loading=\"lazy\" decoding=\"async\" class=\"size-medium wp-image-25527 aligncenter\" src=\"https:\/\/agora.xtec.cat\/escolacollserolacerdanyola\/wp-content\/uploads\/usu1390\/2022\/04\/imatge-portadeta-1-300x229.jpg\" alt=\"\" width=\"300\" height=\"229\" srcset=\"https:\/\/agora.xtec.cat\/escolacollserolacerdanyola\/wp-content\/uploads\/usu1390\/2022\/04\/imatge-portadeta-1-300x229.jpg 300w, https:\/\/agora.xtec.cat\/escolacollserolacerdanyola\/wp-content\/uploads\/usu1390\/2022\/04\/imatge-portadeta-1.jpg 531w\" sizes=\"auto, (max-width: 300px) 100vw, 300px\" \/><\/a><\/p>\n<p>Tamb\u00e9 podeu clicar al nom de \u00a0la Gl\u00f2ria per veure quina gran artista hem tingut el plaer de con\u00e8ixer! Moltes gr\u00e0cies Gl\u00f2ria!<\/p>\n","protected":false},"excerpt":{"rendered":"<p>Ha vingut a la classe l\u2019artista i formadora<a href=\"https:\/\/www.gloriavivesxiol.com\/\"> Gl\u00f2ria Vives<\/a>. La Gl\u00f2ria ens ha proposat un taller de pintura ple de reptes on el resultat ha estat espectacular, no nom\u00e9s per com ha quedat sin\u00f3 per tot el proc\u00e9s.<br \/>\nEns ha presentat els pares i&hellip;  <a href=\"https:\/\/agora.xtec.cat\/escolacollserolacerdanyola\/ei3-ei4-ei5\/ei4\/taller-pintura\/\" title=\"Read TALLER PINTURA\">Llegeix m\u00e9s\u00bb<\/a><\/p>\n","protected":false},"author":6,"featured_media":25527,"comment_status":"open","ping_status":"closed","sticky":false,"template":"","format":"standard","meta":{"_bbp_topic_count":0,"_bbp_reply_count":0,"_bbp_total_topic_count":0,"_bbp_total_reply_count":0,"_bbp_voice_count":0,"_bbp_anonymous_reply_count":0,"_bbp_topic_count_hidden":0,"_bbp_reply_count_hidden":0,"_bbp_forum_subforum_count":0,"footnotes":""},"categories":[8],"tags":[],"class_list":["post-25526","post","type-post","status-publish","format-standard","has-post-thumbnail","hentry","category-ei4"],"post_mailing_queue_ids":[],"_links":{"self":[{"href":"https:\/\/agora.xtec.cat\/escolacollserolacerdanyola\/wp-json\/wp\/v2\/posts\/25526","targetHints":{"allow":["GET"]}}],"collection":[{"href":"https:\/\/agora.xtec.cat\/escolacollserolacerdanyola\/wp-json\/wp\/v2\/posts"}],"about":[{"href":"https:\/\/agora.xtec.cat\/escolacollserolacerdanyola\/wp-json\/wp\/v2\/types\/post"}],"author":[{"embeddable":true,"href":"https:\/\/agora.xtec.cat\/escolacollserolacerdanyola\/wp-json\/wp\/v2\/users\/6"}],"replies":[{"embeddable":true,"href":"https:\/\/agora.xtec.cat\/escolacollserolacerdanyola\/wp-json\/wp\/v2\/comments?post=25526"}],"version-history":[{"count":1,"href":"https:\/\/agora.xtec.cat\/escolacollserolacerdanyola\/wp-json\/wp\/v2\/posts\/25526\/revisions"}],"predecessor-version":[{"id":25528,"href":"https:\/\/agora.xtec.cat\/escolacollserolacerdanyola\/wp-json\/wp\/v2\/posts\/25526\/revisions\/25528"}],"wp:featuredmedia":[{"embeddable":true,"href":"https:\/\/agora.xtec.cat\/escolacollserolacerdanyola\/wp-json\/wp\/v2\/media\/25527"}],"wp:attachment":[{"href":"https:\/\/agora.xtec.cat\/escolacollserolacerdanyola\/wp-json\/wp\/v2\/media?parent=25526"}],"wp:term":[{"taxonomy":"category","embeddable":true,"href":"https:\/\/agora.xtec.cat\/escolacollserolacerdanyola\/wp-json\/wp\/v2\/categories?post=25526"},{"taxonomy":"post_tag","embeddable":true,"href":"https:\/\/agora.xtec.cat\/escolacollserolacerdanyola\/wp-json\/wp\/v2\/tags?post=25526"}],"curies":[{"name":"wp","href":"https:\/\/api.w.org\/{rel}","templated":true}]}}