{"id":25517,"date":"2022-04-06T23:21:22","date_gmt":"2022-04-06T21:21:22","guid":{"rendered":"https:\/\/agora.xtec.cat\/escolacollserolacerdanyola\/?p=25517"},"modified":"2022-04-07T23:08:18","modified_gmt":"2022-04-07T21:08:18","slug":"p3-jornades-culturals","status":"publish","type":"post","link":"https:\/\/agora.xtec.cat\/escolacollserolacerdanyola\/ei3-ei4-ei5\/ei3\/p3-jornades-culturals\/","title":{"rendered":"P3 JORNADES CULTURALS"},"content":{"rendered":"<p>BENVOLGUDES FAM\u00cdLIES,<\/p>\n<p>AQUESTA SETMANA \u00c9S DIFERENT PERQU\u00c8 CELEBREM LES JORNADES CULTURALS DEDICADES ALS ARTISTES. DURANT LA SETMANA REALITZAREM DIFERENTS TALLERS RELACIONATS AMB LA TEM\u00c0TICA.<\/p>\n<p style=\"text-align: left\">DILLUNS 4 HEM CELEBRAT L&#8217;ACTA D&#8217;INAUGURACI\u00d3 AMB UNA FESTA HOLI<\/p>\n<p style=\"text-align: center\"><a style=\"color: #2795b6\" href=\"https:\/\/photos.app.goo.gl\/1tnXQ1nUMKzGCbKy9\"><img loading=\"lazy\" decoding=\"async\" class=\"size-medium wp-image-25518 aligncenter\" src=\"https:\/\/agora.xtec.cat\/escolacollserolacerdanyola\/wp-content\/uploads\/usu1390\/2022\/04\/IMG-20220404-WA0030-300x225.jpg\" alt=\"\" width=\"300\" height=\"225\" srcset=\"https:\/\/agora.xtec.cat\/escolacollserolacerdanyola\/wp-content\/uploads\/usu1390\/2022\/04\/IMG-20220404-WA0030-300x225.jpg 300w, https:\/\/agora.xtec.cat\/escolacollserolacerdanyola\/wp-content\/uploads\/usu1390\/2022\/04\/IMG-20220404-WA0030-1024x768.jpg 1024w, https:\/\/agora.xtec.cat\/escolacollserolacerdanyola\/wp-content\/uploads\/usu1390\/2022\/04\/IMG-20220404-WA0030-768x576.jpg 768w, https:\/\/agora.xtec.cat\/escolacollserolacerdanyola\/wp-content\/uploads\/usu1390\/2022\/04\/IMG-20220404-WA0030-1536x1152.jpg 1536w, https:\/\/agora.xtec.cat\/escolacollserolacerdanyola\/wp-content\/uploads\/usu1390\/2022\/04\/IMG-20220404-WA0030-200x150.jpg 200w, https:\/\/agora.xtec.cat\/escolacollserolacerdanyola\/wp-content\/uploads\/usu1390\/2022\/04\/IMG-20220404-WA0030.jpg 2048w\" sizes=\"auto, (max-width: 300px) 100vw, 300px\" \/><\/a>CLIQUEU A LA FOTOGRAFIA<\/p>\n<p>&nbsp;<\/p>\n<p>DIMARTS 5 HEM FET DIFERENTS TALLERS:<\/p>\n<ul>\n<li>TALLER OCEAN-ART. HEM PINTAT L&#8217;OCE\u00c0 I HEM DIBUIXAT PEIXOS DE DIFERENTS COLORS.<\/li>\n<\/ul>\n<p><a href=\"https:\/\/photos.app.goo.gl\/8ocxbPUU43fmEouT8\">https:\/\/photos.app.goo.gl\/8ocxbPUU43fmEouT8<\/a><\/p>\n<ul>\n<li>HEM EXPLICAT EL CONTE &#8220;EL PUNT&#8221; I HEM FET UNA PETITA CONVERSA.<\/li>\n<\/ul>\n<p>&nbsp;<\/p>\n<ul>\n<li>TALLER DE PAPER MAIX\u00c9. HEM ESTRIPAT PAPER DE PERI\u00d3DIC, L&#8217;HEM BARREJAT AMB AIGUA I COLA. DESPR\u00c9S L&#8217;HEM MANIPULAT, EXPERIMENTAT, MODELAT I HEM FET BOLETES.<\/li>\n<\/ul>\n<p><a href=\"https:\/\/photos.app.goo.gl\/yjta8UXsMnhhDdh1A\">https:\/\/photos.app.goo.gl\/yjta8UXsMnhhDdh1A<\/a><\/p>\n<p>DIMECRES 6 SEGUIM AMB ELS TALLERS:<\/p>\n<ul>\n<li>QUADRE &#8220;EL PUNT&#8221;. A PARTIR DEL CONTE &#8220;EL PUNT&#8221; FEM LA NOSTRA CREACI\u00d3 ESTAMPANT TAPS PER FER PUNTS.<\/li>\n<\/ul>\n<p><a href=\"https:\/\/photos.app.goo.gl\/zF8pPuGpkVuBB71C8\">https:\/\/photos.app.goo.gl\/zF8pPuGpkVuBB71C8<\/a><\/p>\n<ul>\n<li>TALLER HUNDERTWASSER. VEIEM L&#8217;OBRA DE L&#8217;ARTISTA, PINTEM TUBS DE PAPER WC AMB ELS MATEIXOS COLORS QUE UTILITZA HUNDERTWASSER, PER DESPR\u00c9S FER UNA COMPOSICI\u00d3 QUE ANIR\u00c0 A UNA PARET DEL PASSAD\u00cdS.<\/li>\n<\/ul>\n<p><a href=\"https:\/\/photos.app.goo.gl\/DEtaRRqJcg5uPdbKA\">https:\/\/photos.app.goo.gl\/DEtaRRqJcg5uPdbKA<\/a><\/p>\n<p>DIJOUS 7 CONTINUEN ELS TALLERS:<\/p>\n<ul>\n<li>FEM PLASTILINA CASOLANA DE DIFERENTS MANERES:<\/li>\n<\/ul>\n<p>&nbsp;<\/p>\n<ol>\n<li>FARINA, SAL, BICARBONAT, COLORANT ALIMENTICI I OLI.<\/li>\n<li>FARINA, ESP\u00c8CIES I OLI<\/li>\n<\/ol>\n<p><a style=\"color: #2795b6\" href=\"https:\/\/photos.app.goo.gl\/ggDBDi1fCLjZXJHPA\"><img loading=\"lazy\" decoding=\"async\" class=\"size-medium wp-image-25559 aligncenter\" src=\"https:\/\/agora.xtec.cat\/escolacollserolacerdanyola\/wp-content\/uploads\/usu1390\/2022\/04\/20220407_091432-300x225.jpg\" alt=\"\" width=\"300\" height=\"225\" srcset=\"https:\/\/agora.xtec.cat\/escolacollserolacerdanyola\/wp-content\/uploads\/usu1390\/2022\/04\/20220407_091432-300x225.jpg 300w, https:\/\/agora.xtec.cat\/escolacollserolacerdanyola\/wp-content\/uploads\/usu1390\/2022\/04\/20220407_091432-1024x768.jpg 1024w, https:\/\/agora.xtec.cat\/escolacollserolacerdanyola\/wp-content\/uploads\/usu1390\/2022\/04\/20220407_091432-768x576.jpg 768w, https:\/\/agora.xtec.cat\/escolacollserolacerdanyola\/wp-content\/uploads\/usu1390\/2022\/04\/20220407_091432-1536x1152.jpg 1536w, https:\/\/agora.xtec.cat\/escolacollserolacerdanyola\/wp-content\/uploads\/usu1390\/2022\/04\/20220407_091432-2048x1536.jpg 2048w, https:\/\/agora.xtec.cat\/escolacollserolacerdanyola\/wp-content\/uploads\/usu1390\/2022\/04\/20220407_091432-200x150.jpg 200w\" sizes=\"auto, (max-width: 300px) 100vw, 300px\" \/><\/a><\/p>\n<p style=\"text-align: center\">CLIQUEU FOTO<\/p>\n<ul>\n<li>DIBUIXEM SOBRE EL PAPER BLANC ONHEM EXPERIMENTAT, MODELAT I MANIPULAT LA PLASTILINA AM AMB COLORS.<\/li>\n<\/ul>\n<p>&nbsp;<\/p>\n<p><a href=\"https:\/\/photos.app.goo.gl\/Jzh6BXeZ9dps59ia6\"><img loading=\"lazy\" decoding=\"async\" class=\"size-medium wp-image-25560 aligncenter\" src=\"https:\/\/agora.xtec.cat\/escolacollserolacerdanyola\/wp-content\/uploads\/usu1390\/2022\/04\/20220407_113757-225x300.jpg\" alt=\"\" width=\"225\" height=\"300\" srcset=\"https:\/\/agora.xtec.cat\/escolacollserolacerdanyola\/wp-content\/uploads\/usu1390\/2022\/04\/20220407_113757-225x300.jpg 225w, https:\/\/agora.xtec.cat\/escolacollserolacerdanyola\/wp-content\/uploads\/usu1390\/2022\/04\/20220407_113757-768x1024.jpg 768w, https:\/\/agora.xtec.cat\/escolacollserolacerdanyola\/wp-content\/uploads\/usu1390\/2022\/04\/20220407_113757-1152x1536.jpg 1152w, https:\/\/agora.xtec.cat\/escolacollserolacerdanyola\/wp-content\/uploads\/usu1390\/2022\/04\/20220407_113757-1536x2048.jpg 1536w, https:\/\/agora.xtec.cat\/escolacollserolacerdanyola\/wp-content\/uploads\/usu1390\/2022\/04\/20220407_113757-scaled.jpg 1920w\" sizes=\"auto, (max-width: 225px) 100vw, 225px\" \/><\/a><\/p>\n<p style=\"text-align: center\">CLIQUEU FOTOGRAFIA<\/p>\n<ul>\n<li>DIBUIXEM AMB RETOLADOR NEGRE EL TUPS DE PAPER WC DE HUNDERTWAISER.<\/li>\n<\/ul>\n<p><a href=\"https:\/\/photos.app.goo.gl\/GRs7ZmnsvJJNhV717\"><img loading=\"lazy\" decoding=\"async\" class=\"size-medium wp-image-25561 aligncenter\" src=\"https:\/\/agora.xtec.cat\/escolacollserolacerdanyola\/wp-content\/uploads\/usu1390\/2022\/04\/20220407_151927-225x300.jpg\" alt=\"\" width=\"225\" height=\"300\" srcset=\"https:\/\/agora.xtec.cat\/escolacollserolacerdanyola\/wp-content\/uploads\/usu1390\/2022\/04\/20220407_151927-225x300.jpg 225w, https:\/\/agora.xtec.cat\/escolacollserolacerdanyola\/wp-content\/uploads\/usu1390\/2022\/04\/20220407_151927-768x1024.jpg 768w, https:\/\/agora.xtec.cat\/escolacollserolacerdanyola\/wp-content\/uploads\/usu1390\/2022\/04\/20220407_151927-1152x1536.jpg 1152w, https:\/\/agora.xtec.cat\/escolacollserolacerdanyola\/wp-content\/uploads\/usu1390\/2022\/04\/20220407_151927-1536x2048.jpg 1536w, https:\/\/agora.xtec.cat\/escolacollserolacerdanyola\/wp-content\/uploads\/usu1390\/2022\/04\/20220407_151927-scaled.jpg 1920w\" sizes=\"auto, (max-width: 225px) 100vw, 225px\" \/><\/a><\/p>\n<p style=\"text-align: center\">CLIQUEU LA FOTOGRAFIA<\/p>\n<p>ESPEREM QUE US AGRADI,<\/p>\n<p>SALUTACIONS<\/p>\n<p>MESTRES DE P3<\/p>\n<p>&nbsp;<\/p>\n<p>&nbsp;<\/p>\n<p>&nbsp;<\/p>\n<p>&nbsp;<\/p>\n<p>&nbsp;<\/p>\n<p>&nbsp;<\/p>\n<p>&nbsp;<\/p>\n<p>&nbsp;<\/p>\n<p><a href=\"https:\/\/agora.xtec.cat\/escolacollserolacerdanyola\/wp-content\/uploads\/usu1390\/2022\/04\/IMG-20220404-WA0030.jpg\">\u00a0<\/a><\/p>\n","protected":false},"excerpt":{"rendered":"<p>BENVOLGUDES FAM\u00cdLIES,<br \/>\nAQUESTA SETMANA \u00c9S DIFERENT PERQU\u00c8 CELEBREM LES JORNADES CULTURALS DEDICADES ALS ARTISTES. DURANT LA SETMANA REALITZAREM DIFERENTS TALLERS RELACIONATS AMB LA TEM\u00c0TICA.<br \/>\nDILLUNS 4 HEM CELEBRAT L&#8217;ACTA D&#8217;INAUGURACI\u00d3 AMB UNA FESTA HOLI<br \/>\n<a style=\"color: #2795b6\" href=\"https:\/\/photos.app.goo.gl\/1tnXQ1nUMKzGCbKy9\"><\/a>CLIQUEU A LA FOTOGRAFIA<br \/>\n&nbsp;<br \/>\nDIMARTS 5 HEM FET DIFERENTS TALLERS:<\/p>\n<ul>\n<li>TALLER OCEAN-ART. HEM&hellip;  <a href=\"https:\/\/agora.xtec.cat\/escolacollserolacerdanyola\/ei3-ei4-ei5\/ei3\/p3-jornades-culturals\/\" title=\"Read P3 JORNADES CULTURALS\">Llegeix m\u00e9s\u00bb<\/a><br \/>\n","protected":false},"author":6,"featured_media":0,"comment_status":"open","ping_status":"closed","sticky":false,"template":"","format":"standard","meta":{"_bbp_topic_count":0,"_bbp_reply_count":0,"_bbp_total_topic_count":0,"_bbp_total_reply_count":0,"_bbp_voice_count":0,"_bbp_anonymous_reply_count":0,"_bbp_topic_count_hidden":0,"_bbp_reply_count_hidden":0,"_bbp_forum_subforum_count":0,"footnotes":""},"categories":[3],"tags":[],"class_list":["post-25517","post","type-post","status-publish","format-standard","hentry","category-ei3"],"post_mailing_queue_ids":[],"_links":{"self":[{"href":"https:\/\/agora.xtec.cat\/escolacollserolacerdanyola\/wp-json\/wp\/v2\/posts\/25517","targetHints":{"allow":["GET"]}}],"collection":[{"href":"https:\/\/agora.xtec.cat\/escolacollserolacerdanyola\/wp-json\/wp\/v2\/posts"}],"about":[{"href":"https:\/\/agora.xtec.cat\/escolacollserolacerdanyola\/wp-json\/wp\/v2\/types\/post"}],"author":[{"embeddable":true,"href":"https:\/\/agora.xtec.cat\/escolacollserolacerdanyola\/wp-json\/wp\/v2\/users\/6"}],"replies":[{"embeddable":true,"href":"https:\/\/agora.xtec.cat\/escolacollserolacerdanyola\/wp-json\/wp\/v2\/comments?post=25517"}],"version-history":[{"count":3,"href":"https:\/\/agora.xtec.cat\/escolacollserolacerdanyola\/wp-json\/wp\/v2\/posts\/25517\/revisions"}],"predecessor-version":[{"id":25562,"href":"https:\/\/agora.xtec.cat\/escolacollserolacerdanyola\/wp-json\/wp\/v2\/posts\/25517\/revisions\/25562"}],"wp:attachment":[{"href":"https:\/\/agora.xtec.cat\/escolacollserolacerdanyola\/wp-json\/wp\/v2\/media?parent=25517"}],"wp:term":[{"taxonomy":"category","embeddable":true,"href":"https:\/\/agora.xtec.cat\/escolacollserolacerdanyola\/wp-json\/wp\/v2\/categories?post=25517"},{"taxonomy":"post_tag","embeddable":true,"href":"https:\/\/agora.xtec.cat\/escolacollserolacerdanyola\/wp-json\/wp\/v2\/tags?post=25517"}],"curies":[{"name":"wp","href":"https:\/\/api.w.org\/{rel}","templated":true}]}}