{"id":25501,"date":"2022-03-31T18:38:02","date_gmt":"2022-03-31T16:38:02","guid":{"rendered":"https:\/\/agora.xtec.cat\/escolacollserolacerdanyola\/?p=25501"},"modified":"2022-03-31T18:38:02","modified_gmt":"2022-03-31T16:38:02","slug":"p5-vida-a-lescola-2on-trimestre","status":"publish","type":"post","link":"https:\/\/agora.xtec.cat\/escolacollserolacerdanyola\/ei3-ei4-ei5\/ei5\/p5-vida-a-lescola-2on-trimestre\/","title":{"rendered":"P5 VIDA A L&#8217;ESCOLA 2on trimestre"},"content":{"rendered":"<p>ESTIMADES FAM\u00cdLIES!!!<\/p>\n<p style=\"text-align: center\">Aquest trimestre tamb\u00e9 hem fet un petit recull \u00a0de diferents moments del dia a dia dels vostres fills i filles a l\u2019escola , moments on compartim, posem en pr\u00e0ctica les nostres habilitats i compet\u00e8ncies que ens ajuda ha anar avan\u00e7ant i fer-nos grans !!!<\/p>\n<p style=\"text-align: center\">Qualsevol ocasi\u00f3 \u00e9s bona per aprendre.<\/p>\n<p style=\"text-align: center\">Desitjo \u00a0que gaudiu aquests moment tan especials<\/p>\n<p style=\"text-align: center\">clica la foto i veur\u00e0s<\/p>\n<p style=\"text-align: center\"><a href=\"https:\/\/photos.app.goo.gl\/9kgzBtisqEokQhqM7\"><img loading=\"lazy\" decoding=\"async\" class=\"alignnone size-medium wp-image-25502\" src=\"https:\/\/agora.xtec.cat\/escolacollserolacerdanyola\/wp-content\/uploads\/usu1390\/2022\/03\/IMG_20220211_091650-copia-300x169.jpg\" alt=\"\" width=\"300\" height=\"169\" srcset=\"https:\/\/agora.xtec.cat\/escolacollserolacerdanyola\/wp-content\/uploads\/usu1390\/2022\/03\/IMG_20220211_091650-copia-300x169.jpg 300w, https:\/\/agora.xtec.cat\/escolacollserolacerdanyola\/wp-content\/uploads\/usu1390\/2022\/03\/IMG_20220211_091650-copia-768x432.jpg 768w, https:\/\/agora.xtec.cat\/escolacollserolacerdanyola\/wp-content\/uploads\/usu1390\/2022\/03\/IMG_20220211_091650-copia.jpg 1000w\" sizes=\"auto, (max-width: 300px) 100vw, 300px\" \/><\/a><\/p>\n<p>&nbsp;<\/p>\n","protected":false},"excerpt":{"rendered":"<p>ESTIMADES FAM\u00cdLIES!!!<br \/>\nAquest trimestre tamb\u00e9 hem fet un petit recull \u00a0de diferents moments del dia a dia dels vostres fills i filles a l\u2019escola , moments on compartim, posem en pr\u00e0ctica les nostres habilitats i compet\u00e8ncies que ens ajuda ha anar avan\u00e7ant i fer-nos grans !!!<br \/>\nQualsevol&hellip;  <a href=\"https:\/\/agora.xtec.cat\/escolacollserolacerdanyola\/ei3-ei4-ei5\/ei5\/p5-vida-a-lescola-2on-trimestre\/\" title=\"Read P5 VIDA A L&#8217;ESCOLA 2on trimestre\">Llegeix m\u00e9s\u00bb<\/a><\/p>\n","protected":false},"author":6,"featured_media":25502,"comment_status":"open","ping_status":"closed","sticky":false,"template":"","format":"standard","meta":{"_bbp_topic_count":0,"_bbp_reply_count":0,"_bbp_total_topic_count":0,"_bbp_total_reply_count":0,"_bbp_voice_count":0,"_bbp_anonymous_reply_count":0,"_bbp_topic_count_hidden":0,"_bbp_reply_count_hidden":0,"_bbp_forum_subforum_count":0,"footnotes":""},"categories":[9],"tags":[],"class_list":["post-25501","post","type-post","status-publish","format-standard","has-post-thumbnail","hentry","category-ei5"],"post_mailing_queue_ids":[],"_links":{"self":[{"href":"https:\/\/agora.xtec.cat\/escolacollserolacerdanyola\/wp-json\/wp\/v2\/posts\/25501","targetHints":{"allow":["GET"]}}],"collection":[{"href":"https:\/\/agora.xtec.cat\/escolacollserolacerdanyola\/wp-json\/wp\/v2\/posts"}],"about":[{"href":"https:\/\/agora.xtec.cat\/escolacollserolacerdanyola\/wp-json\/wp\/v2\/types\/post"}],"author":[{"embeddable":true,"href":"https:\/\/agora.xtec.cat\/escolacollserolacerdanyola\/wp-json\/wp\/v2\/users\/6"}],"replies":[{"embeddable":true,"href":"https:\/\/agora.xtec.cat\/escolacollserolacerdanyola\/wp-json\/wp\/v2\/comments?post=25501"}],"version-history":[{"count":1,"href":"https:\/\/agora.xtec.cat\/escolacollserolacerdanyola\/wp-json\/wp\/v2\/posts\/25501\/revisions"}],"predecessor-version":[{"id":25503,"href":"https:\/\/agora.xtec.cat\/escolacollserolacerdanyola\/wp-json\/wp\/v2\/posts\/25501\/revisions\/25503"}],"wp:featuredmedia":[{"embeddable":true,"href":"https:\/\/agora.xtec.cat\/escolacollserolacerdanyola\/wp-json\/wp\/v2\/media\/25502"}],"wp:attachment":[{"href":"https:\/\/agora.xtec.cat\/escolacollserolacerdanyola\/wp-json\/wp\/v2\/media?parent=25501"}],"wp:term":[{"taxonomy":"category","embeddable":true,"href":"https:\/\/agora.xtec.cat\/escolacollserolacerdanyola\/wp-json\/wp\/v2\/categories?post=25501"},{"taxonomy":"post_tag","embeddable":true,"href":"https:\/\/agora.xtec.cat\/escolacollserolacerdanyola\/wp-json\/wp\/v2\/tags?post=25501"}],"curies":[{"name":"wp","href":"https:\/\/api.w.org\/{rel}","templated":true}]}}