{"id":25498,"date":"2022-03-29T21:33:20","date_gmt":"2022-03-29T19:33:20","guid":{"rendered":"https:\/\/agora.xtec.cat\/escolacollserolacerdanyola\/?p=25498"},"modified":"2022-04-05T22:56:23","modified_gmt":"2022-04-05T20:56:23","slug":"activitat-daulos-a-laula","status":"publish","type":"post","link":"https:\/\/agora.xtec.cat\/escolacollserolacerdanyola\/ei3-ei4-ei5\/ei3\/activitat-daulos-a-laula\/","title":{"rendered":"P3 ACTIVITAT D&#8217;AULOS A L&#8217;AULA"},"content":{"rendered":"<p>BENVOLGUDES FAM\u00cdLIES,<\/p>\n<p>LA SETMANA PASSADA, ELS COLORS, VAM TENIR UNA VISITA DES DE L&#8217;ESCOLA DE M\u00daSICA AULOS. L&#8217;ACTIVITAT HA SIGUT CAN\u00c7ONS INFANTILS AMB ACOMPANYAMENT DE DIFERENTS INSTRUMENTS: ACORDI\u00d3, CARILL\u00d3 I FLAUTA.<\/p>\n<p>HEM POGUT CANTAR, FER PETITES COREOGRAFIES I FINS I TOT HEM BALLAT TOTS JUNTS.<\/p>\n<p>HO HEM PASSAT D&#8217;ALL\u00d3 M\u00c9S B\u00c9. AQU\u00cd US DEIXEM UN RECULL DE FOTOGRAFIES DE L&#8217;ACTIVITAT QUE S&#8217;HA REALITZAT A L&#8217;AULA<\/p>\n<p style=\"text-align: center\">.<a href=\"https:\/\/photos.app.goo.gl\/s2VpUsFtrWuKkxbF9\"><img loading=\"lazy\" decoding=\"async\" class=\"alignnone size-medium wp-image-25499\" src=\"https:\/\/agora.xtec.cat\/escolacollserolacerdanyola\/wp-content\/uploads\/usu1390\/2022\/03\/20220324_100616-300x225.jpg\" alt=\"\" width=\"300\" height=\"225\" srcset=\"https:\/\/agora.xtec.cat\/escolacollserolacerdanyola\/wp-content\/uploads\/usu1390\/2022\/03\/20220324_100616-300x225.jpg 300w, https:\/\/agora.xtec.cat\/escolacollserolacerdanyola\/wp-content\/uploads\/usu1390\/2022\/03\/20220324_100616-1024x768.jpg 1024w, https:\/\/agora.xtec.cat\/escolacollserolacerdanyola\/wp-content\/uploads\/usu1390\/2022\/03\/20220324_100616-768x576.jpg 768w, https:\/\/agora.xtec.cat\/escolacollserolacerdanyola\/wp-content\/uploads\/usu1390\/2022\/03\/20220324_100616-1536x1152.jpg 1536w, https:\/\/agora.xtec.cat\/escolacollserolacerdanyola\/wp-content\/uploads\/usu1390\/2022\/03\/20220324_100616-2048x1536.jpg 2048w, https:\/\/agora.xtec.cat\/escolacollserolacerdanyola\/wp-content\/uploads\/usu1390\/2022\/03\/20220324_100616-200x150.jpg 200w\" sizes=\"auto, (max-width: 300px) 100vw, 300px\" \/><\/a><\/p>\n<p style=\"text-align: center\">CLIQUEU A LA FOTOGRAFIA<\/p>\n<p>SALUTACIONS<\/p>\n<p>PILI<\/p>\n","protected":false},"excerpt":{"rendered":"<p>BENVOLGUDES FAM\u00cdLIES,<br \/>\nLA SETMANA PASSADA, ELS COLORS, VAM TENIR UNA VISITA DES DE L&#8217;ESCOLA DE M\u00daSICA AULOS. L&#8217;ACTIVITAT HA SIGUT CAN\u00c7ONS INFANTILS AMB ACOMPANYAMENT DE DIFERENTS INSTRUMENTS: ACORDI\u00d3, CARILL\u00d3 I FLAUTA.<br \/>\nHEM POGUT CANTAR, FER PETITES COREOGRAFIES I FINS I TOT HEM BALLAT TOTS JUNTS.<br \/>\nHO HEM PASSAT&hellip;  <a href=\"https:\/\/agora.xtec.cat\/escolacollserolacerdanyola\/ei3-ei4-ei5\/ei3\/activitat-daulos-a-laula\/\" title=\"Read P3 ACTIVITAT D&#8217;AULOS A L&#8217;AULA\">Llegeix m\u00e9s\u00bb<\/a><\/p>\n","protected":false},"author":6,"featured_media":25499,"comment_status":"open","ping_status":"closed","sticky":false,"template":"","format":"standard","meta":{"_bbp_topic_count":0,"_bbp_reply_count":0,"_bbp_total_topic_count":0,"_bbp_total_reply_count":0,"_bbp_voice_count":0,"_bbp_anonymous_reply_count":0,"_bbp_topic_count_hidden":0,"_bbp_reply_count_hidden":0,"_bbp_forum_subforum_count":0,"footnotes":""},"categories":[3],"tags":[],"class_list":["post-25498","post","type-post","status-publish","format-standard","has-post-thumbnail","hentry","category-ei3"],"post_mailing_queue_ids":[],"_links":{"self":[{"href":"https:\/\/agora.xtec.cat\/escolacollserolacerdanyola\/wp-json\/wp\/v2\/posts\/25498","targetHints":{"allow":["GET"]}}],"collection":[{"href":"https:\/\/agora.xtec.cat\/escolacollserolacerdanyola\/wp-json\/wp\/v2\/posts"}],"about":[{"href":"https:\/\/agora.xtec.cat\/escolacollserolacerdanyola\/wp-json\/wp\/v2\/types\/post"}],"author":[{"embeddable":true,"href":"https:\/\/agora.xtec.cat\/escolacollserolacerdanyola\/wp-json\/wp\/v2\/users\/6"}],"replies":[{"embeddable":true,"href":"https:\/\/agora.xtec.cat\/escolacollserolacerdanyola\/wp-json\/wp\/v2\/comments?post=25498"}],"version-history":[{"count":2,"href":"https:\/\/agora.xtec.cat\/escolacollserolacerdanyola\/wp-json\/wp\/v2\/posts\/25498\/revisions"}],"predecessor-version":[{"id":25516,"href":"https:\/\/agora.xtec.cat\/escolacollserolacerdanyola\/wp-json\/wp\/v2\/posts\/25498\/revisions\/25516"}],"wp:featuredmedia":[{"embeddable":true,"href":"https:\/\/agora.xtec.cat\/escolacollserolacerdanyola\/wp-json\/wp\/v2\/media\/25499"}],"wp:attachment":[{"href":"https:\/\/agora.xtec.cat\/escolacollserolacerdanyola\/wp-json\/wp\/v2\/media?parent=25498"}],"wp:term":[{"taxonomy":"category","embeddable":true,"href":"https:\/\/agora.xtec.cat\/escolacollserolacerdanyola\/wp-json\/wp\/v2\/categories?post=25498"},{"taxonomy":"post_tag","embeddable":true,"href":"https:\/\/agora.xtec.cat\/escolacollserolacerdanyola\/wp-json\/wp\/v2\/tags?post=25498"}],"curies":[{"name":"wp","href":"https:\/\/api.w.org\/{rel}","templated":true}]}}