{"id":25489,"date":"2022-03-24T21:38:13","date_gmt":"2022-03-24T20:38:13","guid":{"rendered":"https:\/\/agora.xtec.cat\/escolacollserolacerdanyola\/?p=25489"},"modified":"2022-04-09T21:38:40","modified_gmt":"2022-04-09T19:38:40","slug":"8-de-marc-dia-de-la-dona-2","status":"publish","type":"post","link":"https:\/\/agora.xtec.cat\/escolacollserolacerdanyola\/de-1r-a-6e\/8-de-marc-dia-de-la-dona-2\/","title":{"rendered":"8 de mar\u00e7. Dia de la Dona. 5\u00e8"},"content":{"rendered":"<p><span style=\"font-weight: 400\">Durant la jornada del dia <strong>8 de mar\u00e7<\/strong>, dia per commemorar la lluita de les Dones pels seus drets \ud83d\udcaa, vam realitzar diferents activitats. Vam fer un <em>passaparaules<\/em> amb termes sobre el feminisme. Vam aprendre que <strong>feminisme no \u00e9s el contrari que masclisme<\/strong>, com moltes vegades es pot pensar, sin\u00f3 que feminisme \u00e9s aquella ideologia que sost\u00e9 que <strong>homes i dones haur\u00edem de ser iguals en drets i oportunitats \u2696<\/strong>, i que malauradament encara no \u00e9s aix\u00ed. Vam reflexionar sobre el sostre de vidre que patim les dones i diferents situacions de desigualtats en les que encara vivim. \ud83d\ude2b<\/span><\/p>\n<p>&nbsp;<\/p>\n<p><span style=\"font-weight: 400\">Despr\u00e9s del pati ens van venir a fer un taller sobre <strong>hobbies\ud83c\udfc0\u26bd\ud83c\udfd2\ud83c\udfbd\ud83d\udeb5\ud83c\udfb8,<\/strong> i tamb\u00e9 en aquest taller vam constatar, un cop m\u00e9s, les difer\u00e8ncies i desigualtats que pateixen les dones, en aquest cas, en relaci\u00f3 als esports \ud83d\ude35. Vam haver de dir noms d\u2019esportistes homes i esportistes dones, i ens va costar molt, perqu\u00e8 tots i totes coneix\u00edem molts homes i poques dones. Vam fer una reflexi\u00f3 al voltant d\u2019aix\u00f2: quant cobra un futbolista home i quant una dona, quants premis t\u00e9 el que se suposa que \u00e9s el millor tenista, i quants en t\u00e9 la millor tenista, que en t\u00e9 m\u00e9s; quin espai ocupen els esports femenins en els telenot\u00edcies i en la premsa\u2026I vam veure que encara falta molt per arribar a una situaci\u00f3 d\u2019igualtat, tot i que comencen a haver-hi certs canvis.\ud83d\ude09<\/span><\/p>\n<p>&nbsp;<\/p>\n<p><span style=\"font-weight: 400\">Tamb\u00e9 ens va tocar<strong> acomiadar-nos del Marc,<\/strong> l\u2019estudiant en pr\u00e0ctiques que ens ha acompanyat durant aquests mesos. Ens va fer molta pena dir-li ad\u00e9u, li vam donar les gr\u00e0cies per tot i li vam dir que esper\u00e0vem veure\u2019l aviat, i li desitgem molta sort!!\ud83d\ude22\ud83d\ude0d<\/span><\/p>\n<p><a href=\"https:\/\/photos.app.goo.gl\/txDjbxMdMZyHHHRF7\">8 de mar\u00e7<\/a><\/p>\n","protected":false},"excerpt":{"rendered":"<p>Durant la jornada del dia 8 de mar\u00e7, dia per commemorar la lluita de les Dones pels seus drets \ud83d\udcaa, vam realitzar diferents activitats. Vam fer un passaparaules amb termes sobre el feminisme. Vam aprendre que feminisme no \u00e9s el contrari que masclisme, com moltes&hellip;  <a href=\"https:\/\/agora.xtec.cat\/escolacollserolacerdanyola\/de-1r-a-6e\/8-de-marc-dia-de-la-dona-2\/\" title=\"Read 8 de mar\u00e7. Dia de la Dona. 5\u00e8\">Llegeix m\u00e9s\u00bb<\/a><\/p>\n","protected":false},"author":9,"featured_media":25490,"comment_status":"open","ping_status":"closed","sticky":false,"template":"","format":"standard","meta":{"_bbp_topic_count":0,"_bbp_reply_count":0,"_bbp_total_topic_count":0,"_bbp_total_reply_count":0,"_bbp_voice_count":0,"_bbp_anonymous_reply_count":0,"_bbp_topic_count_hidden":0,"_bbp_reply_count_hidden":0,"_bbp_forum_subforum_count":0,"footnotes":""},"categories":[14,86,5],"tags":[],"class_list":["post-25489","post","type-post","status-publish","format-standard","has-post-thumbnail","hentry","category-5e","category-grans","category-de-1r-a-6e"],"post_mailing_queue_ids":[],"_links":{"self":[{"href":"https:\/\/agora.xtec.cat\/escolacollserolacerdanyola\/wp-json\/wp\/v2\/posts\/25489","targetHints":{"allow":["GET"]}}],"collection":[{"href":"https:\/\/agora.xtec.cat\/escolacollserolacerdanyola\/wp-json\/wp\/v2\/posts"}],"about":[{"href":"https:\/\/agora.xtec.cat\/escolacollserolacerdanyola\/wp-json\/wp\/v2\/types\/post"}],"author":[{"embeddable":true,"href":"https:\/\/agora.xtec.cat\/escolacollserolacerdanyola\/wp-json\/wp\/v2\/users\/9"}],"replies":[{"embeddable":true,"href":"https:\/\/agora.xtec.cat\/escolacollserolacerdanyola\/wp-json\/wp\/v2\/comments?post=25489"}],"version-history":[{"count":3,"href":"https:\/\/agora.xtec.cat\/escolacollserolacerdanyola\/wp-json\/wp\/v2\/posts\/25489\/revisions"}],"predecessor-version":[{"id":25571,"href":"https:\/\/agora.xtec.cat\/escolacollserolacerdanyola\/wp-json\/wp\/v2\/posts\/25489\/revisions\/25571"}],"wp:featuredmedia":[{"embeddable":true,"href":"https:\/\/agora.xtec.cat\/escolacollserolacerdanyola\/wp-json\/wp\/v2\/media\/25490"}],"wp:attachment":[{"href":"https:\/\/agora.xtec.cat\/escolacollserolacerdanyola\/wp-json\/wp\/v2\/media?parent=25489"}],"wp:term":[{"taxonomy":"category","embeddable":true,"href":"https:\/\/agora.xtec.cat\/escolacollserolacerdanyola\/wp-json\/wp\/v2\/categories?post=25489"},{"taxonomy":"post_tag","embeddable":true,"href":"https:\/\/agora.xtec.cat\/escolacollserolacerdanyola\/wp-json\/wp\/v2\/tags?post=25489"}],"curies":[{"name":"wp","href":"https:\/\/api.w.org\/{rel}","templated":true}]}}