{"id":25475,"date":"2022-03-13T20:44:37","date_gmt":"2022-03-13T19:44:37","guid":{"rendered":"https:\/\/agora.xtec.cat\/escolacollserolacerdanyola\/?p=25475"},"modified":"2022-03-13T20:44:37","modified_gmt":"2022-03-13T19:44:37","slug":"p5-coneixem-la-biblioteca","status":"publish","type":"post","link":"https:\/\/agora.xtec.cat\/escolacollserolacerdanyola\/ei3-ei4-ei5\/ei5\/p5-coneixem-la-biblioteca\/","title":{"rendered":"P5 &#8220;CONEIXEM LA BIBLIOTECA&#8221;"},"content":{"rendered":"<p style=\"text-align: center\">Nom\u00e9s arribar la bilbioteca ens ha rebut la Carmen i ens ha explicat el funcionament d&#8217;aquesta. Ens ha dit que n&#8217;hi havia una sala per a nens i nenes que pod\u00edem venir quan volgu\u00e9ssim, i mirar els contes que volgu\u00e9ssim, i si ens els vol\u00edem emportar a casa hav\u00edem fer-nos un carnet. Despr\u00e9s hem pujat a la sala i ens esperava un narrador que ens ha explicat dues hist\u00f2ries, la dels LLibres de colors, i &#8220;De que fa gust la LLuna&#8221;. Hem esta molt atens. I, despr\u00e9s hem tingut una estona per mirar contes. Al sortir ens han felicitat!!!!!<\/p>\n<p>\u00a0 \u00a0 \u00a0 \u00a0 \u00a0 \u00a0 \u00a0 \u00a0 \u00a0 \u00a0 \u00a0 \u00a0 \u00a0 \u00a0 \u00a0 \u00a0 \u00a0 \u00a0 \u00a0 \u00a0 \u00a0 \u00a0 \u00a0 \u00a0 \u00a0 \u00a0 \u00a0 \u00a0 \u00a0 \u00a0 \u00a0 \u00a0 \u00a0 \u00a0 \u00a0 \u00a0 \u00a0 \u00a0 \u00a0 \u00a0 \u00a0 \u00a0 \u00a0 \u00a0 \u00a0 \u00a0 \u00a0 \u00a0 \u00a0 \u00a0 \u00a0 \u00a0 \u00a0 \u00a0 \u00a0 \u00a0 \u00a0 \u00a0 \u00a0clica a la imatge i veur\u00e0s<\/p>\n<p>&nbsp;<\/p>\n<p><a href=\"https:\/\/photos.app.goo.gl\/SrYfJi5WvzPMoR198\"><img loading=\"lazy\" decoding=\"async\" class=\"size-medium wp-image-25476 aligncenter\" src=\"https:\/\/agora.xtec.cat\/escolacollserolacerdanyola\/wp-content\/uploads\/usu1390\/2022\/03\/IMG_0163_Cerdanyola-del-V_BCC-1024x682-1-300x200.jpg\" alt=\"\" width=\"300\" height=\"200\" srcset=\"https:\/\/agora.xtec.cat\/escolacollserolacerdanyola\/wp-content\/uploads\/usu1390\/2022\/03\/IMG_0163_Cerdanyola-del-V_BCC-1024x682-1-300x200.jpg 300w, https:\/\/agora.xtec.cat\/escolacollserolacerdanyola\/wp-content\/uploads\/usu1390\/2022\/03\/IMG_0163_Cerdanyola-del-V_BCC-1024x682-1-768x512.jpg 768w, https:\/\/agora.xtec.cat\/escolacollserolacerdanyola\/wp-content\/uploads\/usu1390\/2022\/03\/IMG_0163_Cerdanyola-del-V_BCC-1024x682-1.jpg 1024w\" sizes=\"auto, (max-width: 300px) 100vw, 300px\" \/><\/a><\/p>\n<p>&nbsp;<\/p>\n","protected":false},"excerpt":{"rendered":"<p>Nom\u00e9s arribar la bilbioteca ens ha rebut la Carmen i ens ha explicat el funcionament d&#8217;aquesta. Ens ha dit que n&#8217;hi havia una sala per a nens i nenes que pod\u00edem venir quan volgu\u00e9ssim, i mirar els contes que volgu\u00e9ssim, i si ens els vol\u00edem&hellip;  <a href=\"https:\/\/agora.xtec.cat\/escolacollserolacerdanyola\/ei3-ei4-ei5\/ei5\/p5-coneixem-la-biblioteca\/\" title=\"Read P5 &#8220;CONEIXEM LA BIBLIOTECA&#8221;\">Llegeix m\u00e9s\u00bb<\/a><\/p>\n","protected":false},"author":6,"featured_media":25476,"comment_status":"open","ping_status":"closed","sticky":false,"template":"","format":"standard","meta":{"_bbp_topic_count":0,"_bbp_reply_count":0,"_bbp_total_topic_count":0,"_bbp_total_reply_count":0,"_bbp_voice_count":0,"_bbp_anonymous_reply_count":0,"_bbp_topic_count_hidden":0,"_bbp_reply_count_hidden":0,"_bbp_forum_subforum_count":0,"footnotes":""},"categories":[9],"tags":[],"class_list":["post-25475","post","type-post","status-publish","format-standard","has-post-thumbnail","hentry","category-ei5"],"post_mailing_queue_ids":[],"_links":{"self":[{"href":"https:\/\/agora.xtec.cat\/escolacollserolacerdanyola\/wp-json\/wp\/v2\/posts\/25475","targetHints":{"allow":["GET"]}}],"collection":[{"href":"https:\/\/agora.xtec.cat\/escolacollserolacerdanyola\/wp-json\/wp\/v2\/posts"}],"about":[{"href":"https:\/\/agora.xtec.cat\/escolacollserolacerdanyola\/wp-json\/wp\/v2\/types\/post"}],"author":[{"embeddable":true,"href":"https:\/\/agora.xtec.cat\/escolacollserolacerdanyola\/wp-json\/wp\/v2\/users\/6"}],"replies":[{"embeddable":true,"href":"https:\/\/agora.xtec.cat\/escolacollserolacerdanyola\/wp-json\/wp\/v2\/comments?post=25475"}],"version-history":[{"count":2,"href":"https:\/\/agora.xtec.cat\/escolacollserolacerdanyola\/wp-json\/wp\/v2\/posts\/25475\/revisions"}],"predecessor-version":[{"id":25482,"href":"https:\/\/agora.xtec.cat\/escolacollserolacerdanyola\/wp-json\/wp\/v2\/posts\/25475\/revisions\/25482"}],"wp:featuredmedia":[{"embeddable":true,"href":"https:\/\/agora.xtec.cat\/escolacollserolacerdanyola\/wp-json\/wp\/v2\/media\/25476"}],"wp:attachment":[{"href":"https:\/\/agora.xtec.cat\/escolacollserolacerdanyola\/wp-json\/wp\/v2\/media?parent=25475"}],"wp:term":[{"taxonomy":"category","embeddable":true,"href":"https:\/\/agora.xtec.cat\/escolacollserolacerdanyola\/wp-json\/wp\/v2\/categories?post=25475"},{"taxonomy":"post_tag","embeddable":true,"href":"https:\/\/agora.xtec.cat\/escolacollserolacerdanyola\/wp-json\/wp\/v2\/tags?post=25475"}],"curies":[{"name":"wp","href":"https:\/\/api.w.org\/{rel}","templated":true}]}}