{"id":25471,"date":"2022-03-11T12:20:22","date_gmt":"2022-03-11T11:20:22","guid":{"rendered":"https:\/\/agora.xtec.cat\/escolacollserolacerdanyola\/?p=25471"},"modified":"2022-04-28T13:19:41","modified_gmt":"2022-04-28T11:19:41","slug":"ball-carnestoltes-6e","status":"publish","type":"post","link":"https:\/\/agora.xtec.cat\/escolacollserolacerdanyola\/de-1r-a-6e\/6e\/ball-carnestoltes-6e\/","title":{"rendered":"Ball Carnestoltes 6\u00e8"},"content":{"rendered":"<p>El passat divendres 28 de febrer, l&#8217;alumnat de 6\u00e8 vam tancar la festa de Carnestoltes amb la nostra actuaci\u00f3 &#8220;All stars&#8221;.<\/p>\n<p>Felicitats stars, pel vostre esfor\u00e7 durant els assajos! El resultat va ser fant\u00e0stic.<\/p>\n<p><a href=\"https:\/\/photos.app.goo.gl\/s6WwBdauagEkKdYQ7\">Actuaci\u00f3 final 6\u00e8<\/a><\/p>\n","protected":false},"excerpt":{"rendered":"<p>El passat divendres 28 de febrer, l&#8217;alumnat de 6\u00e8 vam tancar la festa de Carnestoltes amb la nostra actuaci\u00f3 &#8220;All stars&#8221;.<br \/>\nFelicitats stars, pel vostre esfor\u00e7 durant els assajos! El resultat va ser fant\u00e0stic.<br \/>\n<a href=\"https:\/\/photos.app.goo.gl\/s6WwBdauagEkKdYQ7\">Actuaci\u00f3 final 6\u00e8<\/a><\/p>\n","protected":false},"author":9,"featured_media":0,"comment_status":"open","ping_status":"closed","sticky":false,"template":"","format":"standard","meta":{"_bbp_topic_count":0,"_bbp_reply_count":0,"_bbp_total_topic_count":0,"_bbp_total_reply_count":0,"_bbp_voice_count":0,"_bbp_anonymous_reply_count":0,"_bbp_topic_count_hidden":0,"_bbp_reply_count_hidden":0,"_bbp_forum_subforum_count":0,"footnotes":""},"categories":[15,267],"tags":[],"class_list":["post-25471","post","type-post","status-publish","format-standard","hentry","category-6e","category-musica"],"post_mailing_queue_ids":[],"_links":{"self":[{"href":"https:\/\/agora.xtec.cat\/escolacollserolacerdanyola\/wp-json\/wp\/v2\/posts\/25471","targetHints":{"allow":["GET"]}}],"collection":[{"href":"https:\/\/agora.xtec.cat\/escolacollserolacerdanyola\/wp-json\/wp\/v2\/posts"}],"about":[{"href":"https:\/\/agora.xtec.cat\/escolacollserolacerdanyola\/wp-json\/wp\/v2\/types\/post"}],"author":[{"embeddable":true,"href":"https:\/\/agora.xtec.cat\/escolacollserolacerdanyola\/wp-json\/wp\/v2\/users\/9"}],"replies":[{"embeddable":true,"href":"https:\/\/agora.xtec.cat\/escolacollserolacerdanyola\/wp-json\/wp\/v2\/comments?post=25471"}],"version-history":[{"count":1,"href":"https:\/\/agora.xtec.cat\/escolacollserolacerdanyola\/wp-json\/wp\/v2\/posts\/25471\/revisions"}],"predecessor-version":[{"id":25472,"href":"https:\/\/agora.xtec.cat\/escolacollserolacerdanyola\/wp-json\/wp\/v2\/posts\/25471\/revisions\/25472"}],"wp:attachment":[{"href":"https:\/\/agora.xtec.cat\/escolacollserolacerdanyola\/wp-json\/wp\/v2\/media?parent=25471"}],"wp:term":[{"taxonomy":"category","embeddable":true,"href":"https:\/\/agora.xtec.cat\/escolacollserolacerdanyola\/wp-json\/wp\/v2\/categories?post=25471"},{"taxonomy":"post_tag","embeddable":true,"href":"https:\/\/agora.xtec.cat\/escolacollserolacerdanyola\/wp-json\/wp\/v2\/tags?post=25471"}],"curies":[{"name":"wp","href":"https:\/\/api.w.org\/{rel}","templated":true}]}}