{"id":25459,"date":"2022-03-09T14:30:49","date_gmt":"2022-03-09T13:30:49","guid":{"rendered":"https:\/\/agora.xtec.cat\/escolacollserolacerdanyola\/?p=25459"},"modified":"2022-03-09T14:31:06","modified_gmt":"2022-03-09T13:31:06","slug":"excursio-catalunya-en-miniatura","status":"publish","type":"post","link":"https:\/\/agora.xtec.cat\/escolacollserolacerdanyola\/ei3-ei4-ei5\/ei4\/excursio-catalunya-en-miniatura\/","title":{"rendered":"EXCURSI\u00d3 CATALUNYA EN MINIATURA"},"content":{"rendered":"<p>ELS SUPERHEROIS I SUPERHERO\u00cfNES ENS VAM CONVERTIR EN GEGANTS VISITANT LES MAQUETES DE CATALUNYA EN MINIATURA. VAM VEURE EL PARC G\u00dcELL DE GAUD\u00cd (VAM VISITAR L&#8217;ANY PASSAT), UNA ESTACI\u00d3 DE NEU, UN AEROPORT, ESTACIONS DE TRENS&#8230; TOT AMB MOLTA M\u00c0GIA, JA QUE SI APRET\u00c0VEM UN BOT\u00d3 ELS VEHICLES ES MOVIEN, SONAVA M\u00daSICA, ETC. A CONTINUACI\u00d3, VAM PUJAR EN UN TRENET I, PER ACABAR, VAM FER UN CIRCUIT D&#8217;AVENTURA ON ENS ACOMPANY\u00c0VEM 4 MONITORS QUE ES VAN QUEDAR BOCABADATS DE COM VAM SUPERAR EL CIRCUIT (ROC\u00d2DROM, TIROLINA&#8230;). MOLTS INFANTS INCL\u00daS VAM REPETIR! CLIQUEU A LA IMATGE I VEUREU, DONCS UNA IMATGE VAL M\u00c9S QUE MIL PARAULES.<\/p>\n<p>VA SER UNA SORTIDA PLENA D&#8217;AVENTURES!!<\/p>\n<p><a href=\"https:\/\/photos.app.goo.gl\/mFzUBqfXcsxvpfGE8\"><img loading=\"lazy\" decoding=\"async\" class=\"size-medium wp-image-25461 aligncenter\" src=\"https:\/\/agora.xtec.cat\/escolacollserolacerdanyola\/wp-content\/uploads\/usu1390\/2022\/03\/FOTO-DE-PORTADA-300x227.jpg\" alt=\"\" width=\"300\" height=\"227\" srcset=\"https:\/\/agora.xtec.cat\/escolacollserolacerdanyola\/wp-content\/uploads\/usu1390\/2022\/03\/FOTO-DE-PORTADA-300x227.jpg 300w, https:\/\/agora.xtec.cat\/escolacollserolacerdanyola\/wp-content\/uploads\/usu1390\/2022\/03\/FOTO-DE-PORTADA-200x150.jpg 200w, https:\/\/agora.xtec.cat\/escolacollserolacerdanyola\/wp-content\/uploads\/usu1390\/2022\/03\/FOTO-DE-PORTADA.jpg 651w\" sizes=\"auto, (max-width: 300px) 100vw, 300px\" \/><\/a><\/p>\n<p>&nbsp;<\/p>\n<p>&nbsp;<\/p>\n","protected":false},"excerpt":{"rendered":"<p>ELS SUPERHEROIS I SUPERHERO\u00cfNES ENS VAM CONVERTIR EN GEGANTS VISITANT LES MAQUETES DE CATALUNYA EN MINIATURA. VAM VEURE EL PARC G\u00dcELL DE GAUD\u00cd (VAM VISITAR L&#8217;ANY PASSAT), UNA ESTACI\u00d3 DE NEU, UN AEROPORT, ESTACIONS DE TRENS&#8230; TOT AMB MOLTA M\u00c0GIA, JA QUE SI APRET\u00c0VEM UN&hellip;  <a href=\"https:\/\/agora.xtec.cat\/escolacollserolacerdanyola\/ei3-ei4-ei5\/ei4\/excursio-catalunya-en-miniatura\/\" title=\"Read EXCURSI\u00d3 CATALUNYA EN MINIATURA\">Llegeix m\u00e9s\u00bb<\/a><\/p>\n","protected":false},"author":6,"featured_media":25461,"comment_status":"open","ping_status":"closed","sticky":false,"template":"","format":"standard","meta":{"_bbp_topic_count":0,"_bbp_reply_count":0,"_bbp_total_topic_count":0,"_bbp_total_reply_count":0,"_bbp_voice_count":0,"_bbp_anonymous_reply_count":0,"_bbp_topic_count_hidden":0,"_bbp_reply_count_hidden":0,"_bbp_forum_subforum_count":0,"footnotes":""},"categories":[8],"tags":[],"class_list":["post-25459","post","type-post","status-publish","format-standard","has-post-thumbnail","hentry","category-ei4"],"post_mailing_queue_ids":[],"_links":{"self":[{"href":"https:\/\/agora.xtec.cat\/escolacollserolacerdanyola\/wp-json\/wp\/v2\/posts\/25459","targetHints":{"allow":["GET"]}}],"collection":[{"href":"https:\/\/agora.xtec.cat\/escolacollserolacerdanyola\/wp-json\/wp\/v2\/posts"}],"about":[{"href":"https:\/\/agora.xtec.cat\/escolacollserolacerdanyola\/wp-json\/wp\/v2\/types\/post"}],"author":[{"embeddable":true,"href":"https:\/\/agora.xtec.cat\/escolacollserolacerdanyola\/wp-json\/wp\/v2\/users\/6"}],"replies":[{"embeddable":true,"href":"https:\/\/agora.xtec.cat\/escolacollserolacerdanyola\/wp-json\/wp\/v2\/comments?post=25459"}],"version-history":[{"count":1,"href":"https:\/\/agora.xtec.cat\/escolacollserolacerdanyola\/wp-json\/wp\/v2\/posts\/25459\/revisions"}],"predecessor-version":[{"id":25463,"href":"https:\/\/agora.xtec.cat\/escolacollserolacerdanyola\/wp-json\/wp\/v2\/posts\/25459\/revisions\/25463"}],"wp:featuredmedia":[{"embeddable":true,"href":"https:\/\/agora.xtec.cat\/escolacollserolacerdanyola\/wp-json\/wp\/v2\/media\/25461"}],"wp:attachment":[{"href":"https:\/\/agora.xtec.cat\/escolacollserolacerdanyola\/wp-json\/wp\/v2\/media?parent=25459"}],"wp:term":[{"taxonomy":"category","embeddable":true,"href":"https:\/\/agora.xtec.cat\/escolacollserolacerdanyola\/wp-json\/wp\/v2\/categories?post=25459"},{"taxonomy":"post_tag","embeddable":true,"href":"https:\/\/agora.xtec.cat\/escolacollserolacerdanyola\/wp-json\/wp\/v2\/tags?post=25459"}],"curies":[{"name":"wp","href":"https:\/\/api.w.org\/{rel}","templated":true}]}}