{"id":25458,"date":"2022-03-09T14:32:24","date_gmt":"2022-03-09T13:32:24","guid":{"rendered":"https:\/\/agora.xtec.cat\/escolacollserolacerdanyola\/?p=25458"},"modified":"2022-03-09T14:32:39","modified_gmt":"2022-03-09T13:32:39","slug":"p-4-conte-de-laigua","status":"publish","type":"post","link":"https:\/\/agora.xtec.cat\/escolacollserolacerdanyola\/ei3-ei4-ei5\/ei4\/p-4-conte-de-laigua\/","title":{"rendered":"P-4 conte de l&#8217;aigua"},"content":{"rendered":"<p>&nbsp;<\/p>\n<p><span style=\"font-weight: 400\">El passat divendres dia 3 de mar\u00e7,\u00a0 els infants de P-4 vam realitzar una activitat <a href=\"https:\/\/photos.app.goo.gl\/dNLcH2Sgiv1mNnxp6\">CONTE DE L&#8217;AIGUA<\/a> relacionada amb el medi ambient, la proposta va ser participaci\u00f3\u00a0 d\u2019un conte, amb el suport de l\u00e0mines il\u00b7lustrades, figures m\u00f2bils i diferents objectes. Despr\u00e9s vam compartir experi\u00e8ncies i dubtes, ja que l\u2019objectiu \u00e9s sensibilitzar l&#8217;obtenci\u00f3 d\u2019aigua potable, i el consum responsable d\u2019aigua. Es ho vam passar molt b\u00e9.<\/span><\/p>\n","protected":false},"excerpt":{"rendered":"<p>&nbsp;<br \/>\nEl passat divendres dia 3 de mar\u00e7,\u00a0 els infants de P-4 vam realitzar una activitat <a href=\"https:\/\/photos.app.goo.gl\/dNLcH2Sgiv1mNnxp6\">CONTE DE L&#8217;AIGUA<\/a> relacionada amb el medi ambient, la proposta va ser participaci\u00f3\u00a0 d\u2019un conte, amb el suport de l\u00e0mines il\u00b7lustrades, figures m\u00f2bils i diferents objectes. Despr\u00e9s vam compartir&hellip;  <a href=\"https:\/\/agora.xtec.cat\/escolacollserolacerdanyola\/ei3-ei4-ei5\/ei4\/p-4-conte-de-laigua\/\" title=\"Read P-4 conte de l&#8217;aigua\">Llegeix m\u00e9s\u00bb<\/a><\/p>\n","protected":false},"author":6,"featured_media":25460,"comment_status":"open","ping_status":"closed","sticky":false,"template":"","format":"standard","meta":{"_bbp_topic_count":0,"_bbp_reply_count":0,"_bbp_total_topic_count":0,"_bbp_total_reply_count":0,"_bbp_voice_count":0,"_bbp_anonymous_reply_count":0,"_bbp_topic_count_hidden":0,"_bbp_reply_count_hidden":0,"_bbp_forum_subforum_count":0,"footnotes":""},"categories":[8],"tags":[],"class_list":["post-25458","post","type-post","status-publish","format-standard","has-post-thumbnail","hentry","category-ei4"],"post_mailing_queue_ids":[],"_links":{"self":[{"href":"https:\/\/agora.xtec.cat\/escolacollserolacerdanyola\/wp-json\/wp\/v2\/posts\/25458","targetHints":{"allow":["GET"]}}],"collection":[{"href":"https:\/\/agora.xtec.cat\/escolacollserolacerdanyola\/wp-json\/wp\/v2\/posts"}],"about":[{"href":"https:\/\/agora.xtec.cat\/escolacollserolacerdanyola\/wp-json\/wp\/v2\/types\/post"}],"author":[{"embeddable":true,"href":"https:\/\/agora.xtec.cat\/escolacollserolacerdanyola\/wp-json\/wp\/v2\/users\/6"}],"replies":[{"embeddable":true,"href":"https:\/\/agora.xtec.cat\/escolacollserolacerdanyola\/wp-json\/wp\/v2\/comments?post=25458"}],"version-history":[{"count":2,"href":"https:\/\/agora.xtec.cat\/escolacollserolacerdanyola\/wp-json\/wp\/v2\/posts\/25458\/revisions"}],"predecessor-version":[{"id":25464,"href":"https:\/\/agora.xtec.cat\/escolacollserolacerdanyola\/wp-json\/wp\/v2\/posts\/25458\/revisions\/25464"}],"wp:featuredmedia":[{"embeddable":true,"href":"https:\/\/agora.xtec.cat\/escolacollserolacerdanyola\/wp-json\/wp\/v2\/media\/25460"}],"wp:attachment":[{"href":"https:\/\/agora.xtec.cat\/escolacollserolacerdanyola\/wp-json\/wp\/v2\/media?parent=25458"}],"wp:term":[{"taxonomy":"category","embeddable":true,"href":"https:\/\/agora.xtec.cat\/escolacollserolacerdanyola\/wp-json\/wp\/v2\/categories?post=25458"},{"taxonomy":"post_tag","embeddable":true,"href":"https:\/\/agora.xtec.cat\/escolacollserolacerdanyola\/wp-json\/wp\/v2\/tags?post=25458"}],"curies":[{"name":"wp","href":"https:\/\/api.w.org\/{rel}","templated":true}]}}