{"id":25422,"date":"2022-03-03T08:47:13","date_gmt":"2022-03-03T07:47:13","guid":{"rendered":"https:\/\/agora.xtec.cat\/escolacollserolacerdanyola\/?p=25422"},"modified":"2022-03-03T08:47:13","modified_gmt":"2022-03-03T07:47:13","slug":"es-temps-de-carnaval","status":"publish","type":"post","link":"https:\/\/agora.xtec.cat\/escolacollserolacerdanyola\/de-1r-a-6e\/es-temps-de-carnaval\/","title":{"rendered":"\u00c9s temps de Carnaval!"},"content":{"rendered":"<p>Enguany la setmana de Carnaval ha vingut plena d&#8217;activitats a l&#8217;escola, molt divertides i visuals, de les que hem gaudit tots i totes. Les voleu veure?<\/p>\n<p>Hem rebut a la reina Carnestoltes i seguit les seves consignes, ens ha encantat sobretot anar en pijama a l&#8217;escola. Tamb\u00e9 hem realitzat activitats com pintar i decorar antifa\u00e7os o fer aut\u00e8ntiques m\u00e0scares tribals amb cartrons. Les hem pintat i enganxat, i han quedat espectaculars! Tamb\u00e9 hem ballat can\u00e7ons, i vist la hist\u00f2ria de la Vella Quaresma. Hem pintat les nostres cares i les hem disfressat, i finalment hem practicat i practicat la can\u00e7\u00f3 que vam escollir per a la rua de carnaval de l&#8217;escola. I ens ha quedat genial, hem ballat molt i molt b\u00e9!<\/p>\n<p>Es tractava de gaudir i aprendre junts, i aix\u00f2 \u00e9s el que hem fet.<\/p>\n<p>&nbsp;<\/p>\n<p><a href=\"https:\/\/photos.app.goo.gl\/YizUkEfjw7cFdyU27\">pintem les nostres cares<\/a><\/p>\n<p><a href=\"https:\/\/photos.app.goo.gl\/gh82myDTTs93MXDy7\">consignes carnestoltes<\/a><\/p>\n<p><a href=\"https:\/\/photos.app.goo.gl\/3y4GR66B8kuLtRYf7\">antifa\u00e7os<\/a><\/p>\n<p><a href=\"https:\/\/photos.app.goo.gl\/G4GtReTksucJEmq18\">carnaval 21-22<\/a><\/p>\n<p>&nbsp;<\/p>\n<p>&nbsp;<\/p>\n","protected":false},"excerpt":{"rendered":"<p>Enguany la setmana de Carnaval ha vingut plena d&#8217;activitats a l&#8217;escola, molt divertides i visuals, de les que hem gaudit tots i totes. Les voleu veure?<br \/>\nHem rebut a la reina Carnestoltes i seguit les seves consignes, ens ha encantat sobretot anar en pijama a l&#8217;escola.&hellip;  <a href=\"https:\/\/agora.xtec.cat\/escolacollserolacerdanyola\/de-1r-a-6e\/es-temps-de-carnaval\/\" title=\"Read \u00c9s temps de Carnaval!\">Llegeix m\u00e9s\u00bb<\/a><\/p>\n","protected":false},"author":33,"featured_media":0,"comment_status":"open","ping_status":"closed","sticky":false,"template":"","format":"standard","meta":{"_bbp_topic_count":0,"_bbp_reply_count":0,"_bbp_total_topic_count":0,"_bbp_total_reply_count":0,"_bbp_voice_count":0,"_bbp_anonymous_reply_count":0,"_bbp_topic_count_hidden":0,"_bbp_reply_count_hidden":0,"_bbp_forum_subforum_count":0,"footnotes":""},"categories":[10,5],"tags":[],"class_list":["post-25422","post","type-post","status-publish","format-standard","hentry","category-1r","category-de-1r-a-6e"],"post_mailing_queue_ids":[],"_links":{"self":[{"href":"https:\/\/agora.xtec.cat\/escolacollserolacerdanyola\/wp-json\/wp\/v2\/posts\/25422","targetHints":{"allow":["GET"]}}],"collection":[{"href":"https:\/\/agora.xtec.cat\/escolacollserolacerdanyola\/wp-json\/wp\/v2\/posts"}],"about":[{"href":"https:\/\/agora.xtec.cat\/escolacollserolacerdanyola\/wp-json\/wp\/v2\/types\/post"}],"author":[{"embeddable":true,"href":"https:\/\/agora.xtec.cat\/escolacollserolacerdanyola\/wp-json\/wp\/v2\/users\/33"}],"replies":[{"embeddable":true,"href":"https:\/\/agora.xtec.cat\/escolacollserolacerdanyola\/wp-json\/wp\/v2\/comments?post=25422"}],"version-history":[{"count":2,"href":"https:\/\/agora.xtec.cat\/escolacollserolacerdanyola\/wp-json\/wp\/v2\/posts\/25422\/revisions"}],"predecessor-version":[{"id":25424,"href":"https:\/\/agora.xtec.cat\/escolacollserolacerdanyola\/wp-json\/wp\/v2\/posts\/25422\/revisions\/25424"}],"wp:attachment":[{"href":"https:\/\/agora.xtec.cat\/escolacollserolacerdanyola\/wp-json\/wp\/v2\/media?parent=25422"}],"wp:term":[{"taxonomy":"category","embeddable":true,"href":"https:\/\/agora.xtec.cat\/escolacollserolacerdanyola\/wp-json\/wp\/v2\/categories?post=25422"},{"taxonomy":"post_tag","embeddable":true,"href":"https:\/\/agora.xtec.cat\/escolacollserolacerdanyola\/wp-json\/wp\/v2\/tags?post=25422"}],"curies":[{"name":"wp","href":"https:\/\/api.w.org\/{rel}","templated":true}]}}