{"id":25407,"date":"2022-03-01T09:36:22","date_gmt":"2022-03-01T08:36:22","guid":{"rendered":"https:\/\/agora.xtec.cat\/escolacollserolacerdanyola\/?p=25407"},"modified":"2022-03-01T09:36:22","modified_gmt":"2022-03-01T08:36:22","slug":"6e-ies-forat-del-vent","status":"publish","type":"post","link":"https:\/\/agora.xtec.cat\/escolacollserolacerdanyola\/de-1r-a-6e\/6e\/6e-ies-forat-del-vent\/","title":{"rendered":"6\u00e8 IES Forat del vent"},"content":{"rendered":"<p><a href=\"https:\/\/photos.app.goo.gl\/2QEW2PoAfekaFUK49\">6\u00e8 IES Forat<\/a><\/p>\n<div dir=\"auto\">Avui hem visitat l&#8217;institut Forat del Vent, hem vist alguns dels companys\/es que anaven abans al Collserola i ens han ensenyat i explicat una mica com \u00e9s la vida a<\/div>\n<div dir=\"auto\">l&#8217;insti. Ens han tocat una pe\u00e7a de m\u00fasica que sonava molt b\u00e9 i ens han agradat molt els productes fets amb les impressores 3D i de rob\u00f2tica.<\/div>\n","protected":false},"excerpt":{"rendered":"<p><a href=\"https:\/\/photos.app.goo.gl\/2QEW2PoAfekaFUK49\">6\u00e8 IES Forat<\/a><br \/>\nAvui hem visitat l&#8217;institut Forat del Vent, hem vist alguns dels companys\/es que anaven abans al Collserola i ens han ensenyat i explicat una mica com \u00e9s la vida a<br \/>\nl&#8217;insti. Ens han tocat una pe\u00e7a de m\u00fasica que sonava molt b\u00e9 i&hellip;  <a href=\"https:\/\/agora.xtec.cat\/escolacollserolacerdanyola\/de-1r-a-6e\/6e\/6e-ies-forat-del-vent\/\" title=\"Read 6\u00e8 IES Forat del vent\">Llegeix m\u00e9s\u00bb<\/a><\/p>\n","protected":false},"author":9,"featured_media":25408,"comment_status":"open","ping_status":"closed","sticky":false,"template":"","format":"standard","meta":{"_bbp_topic_count":0,"_bbp_reply_count":0,"_bbp_total_topic_count":0,"_bbp_total_reply_count":0,"_bbp_voice_count":0,"_bbp_anonymous_reply_count":0,"_bbp_topic_count_hidden":0,"_bbp_reply_count_hidden":0,"_bbp_forum_subforum_count":0,"footnotes":""},"categories":[15,86],"tags":[],"class_list":["post-25407","post","type-post","status-publish","format-standard","has-post-thumbnail","hentry","category-6e","category-grans"],"post_mailing_queue_ids":[],"_links":{"self":[{"href":"https:\/\/agora.xtec.cat\/escolacollserolacerdanyola\/wp-json\/wp\/v2\/posts\/25407","targetHints":{"allow":["GET"]}}],"collection":[{"href":"https:\/\/agora.xtec.cat\/escolacollserolacerdanyola\/wp-json\/wp\/v2\/posts"}],"about":[{"href":"https:\/\/agora.xtec.cat\/escolacollserolacerdanyola\/wp-json\/wp\/v2\/types\/post"}],"author":[{"embeddable":true,"href":"https:\/\/agora.xtec.cat\/escolacollserolacerdanyola\/wp-json\/wp\/v2\/users\/9"}],"replies":[{"embeddable":true,"href":"https:\/\/agora.xtec.cat\/escolacollserolacerdanyola\/wp-json\/wp\/v2\/comments?post=25407"}],"version-history":[{"count":1,"href":"https:\/\/agora.xtec.cat\/escolacollserolacerdanyola\/wp-json\/wp\/v2\/posts\/25407\/revisions"}],"predecessor-version":[{"id":25409,"href":"https:\/\/agora.xtec.cat\/escolacollserolacerdanyola\/wp-json\/wp\/v2\/posts\/25407\/revisions\/25409"}],"wp:featuredmedia":[{"embeddable":true,"href":"https:\/\/agora.xtec.cat\/escolacollserolacerdanyola\/wp-json\/wp\/v2\/media\/25408"}],"wp:attachment":[{"href":"https:\/\/agora.xtec.cat\/escolacollserolacerdanyola\/wp-json\/wp\/v2\/media?parent=25407"}],"wp:term":[{"taxonomy":"category","embeddable":true,"href":"https:\/\/agora.xtec.cat\/escolacollserolacerdanyola\/wp-json\/wp\/v2\/categories?post=25407"},{"taxonomy":"post_tag","embeddable":true,"href":"https:\/\/agora.xtec.cat\/escolacollserolacerdanyola\/wp-json\/wp\/v2\/tags?post=25407"}],"curies":[{"name":"wp","href":"https:\/\/api.w.org\/{rel}","templated":true}]}}