{"id":25400,"date":"2022-03-01T09:20:34","date_gmt":"2022-03-01T08:20:34","guid":{"rendered":"https:\/\/agora.xtec.cat\/escolacollserolacerdanyola\/?p=25400"},"modified":"2022-03-01T09:20:34","modified_gmt":"2022-03-01T08:20:34","slug":"6e-industrialitzacio-de-cerdanyola","status":"publish","type":"post","link":"https:\/\/agora.xtec.cat\/escolacollserolacerdanyola\/de-1r-a-6e\/6e\/6e-industrialitzacio-de-cerdanyola\/","title":{"rendered":"6\u00e8 Industrialitzaci\u00f3 de Cerdanyola"},"content":{"rendered":"<p><a href=\"https:\/\/photos.app.goo.gl\/7SBd3jtdNm3J4ZBQ8\">6\u00e8 Industrialitzaci\u00f3<\/a><\/p>\n<div dir=\"auto\">El motiu de fer aquesta sortida era per entendre el proc\u00e9s d&#8217;industrialitzaci\u00f3 a Cerdanyola i el seu creixement i transformaci\u00f3 de poble agr\u00edcola a ciutat industrial. Ens calia saber m\u00e9s sobre els nous barris que van sorgir i sobre la f\u00e0brica: &#8220;Uralita &#8220;, de les repercussions i conseq\u00fc\u00e8ncies d&#8217;aquesta ind\u00fastria i d&#8217;altres que es van establir a la nostra ciutat.<\/div>\n<div dir=\"auto\"><\/div>\n","protected":false},"excerpt":{"rendered":"<p><a href=\"https:\/\/photos.app.goo.gl\/7SBd3jtdNm3J4ZBQ8\">6\u00e8 Industrialitzaci\u00f3<\/a><br \/>\nEl motiu de fer aquesta sortida era per entendre el proc\u00e9s d&#8217;industrialitzaci\u00f3 a Cerdanyola i el seu creixement i transformaci\u00f3 de poble agr\u00edcola a ciutat industrial. Ens calia saber m\u00e9s sobre els nous barris que van sorgir i sobre la f\u00e0brica: &#8220;Uralita &#8220;,&hellip;  <a href=\"https:\/\/agora.xtec.cat\/escolacollserolacerdanyola\/de-1r-a-6e\/6e\/6e-industrialitzacio-de-cerdanyola\/\" title=\"Read 6\u00e8 Industrialitzaci\u00f3 de Cerdanyola\">Llegeix m\u00e9s\u00bb<\/a><\/p>\n","protected":false},"author":9,"featured_media":25401,"comment_status":"open","ping_status":"closed","sticky":false,"template":"","format":"standard","meta":{"_bbp_topic_count":0,"_bbp_reply_count":0,"_bbp_total_topic_count":0,"_bbp_total_reply_count":0,"_bbp_voice_count":0,"_bbp_anonymous_reply_count":0,"_bbp_topic_count_hidden":0,"_bbp_reply_count_hidden":0,"_bbp_forum_subforum_count":0,"footnotes":""},"categories":[15,86],"tags":[],"class_list":["post-25400","post","type-post","status-publish","format-standard","has-post-thumbnail","hentry","category-6e","category-grans"],"post_mailing_queue_ids":[],"_links":{"self":[{"href":"https:\/\/agora.xtec.cat\/escolacollserolacerdanyola\/wp-json\/wp\/v2\/posts\/25400","targetHints":{"allow":["GET"]}}],"collection":[{"href":"https:\/\/agora.xtec.cat\/escolacollserolacerdanyola\/wp-json\/wp\/v2\/posts"}],"about":[{"href":"https:\/\/agora.xtec.cat\/escolacollserolacerdanyola\/wp-json\/wp\/v2\/types\/post"}],"author":[{"embeddable":true,"href":"https:\/\/agora.xtec.cat\/escolacollserolacerdanyola\/wp-json\/wp\/v2\/users\/9"}],"replies":[{"embeddable":true,"href":"https:\/\/agora.xtec.cat\/escolacollserolacerdanyola\/wp-json\/wp\/v2\/comments?post=25400"}],"version-history":[{"count":1,"href":"https:\/\/agora.xtec.cat\/escolacollserolacerdanyola\/wp-json\/wp\/v2\/posts\/25400\/revisions"}],"predecessor-version":[{"id":25402,"href":"https:\/\/agora.xtec.cat\/escolacollserolacerdanyola\/wp-json\/wp\/v2\/posts\/25400\/revisions\/25402"}],"wp:featuredmedia":[{"embeddable":true,"href":"https:\/\/agora.xtec.cat\/escolacollserolacerdanyola\/wp-json\/wp\/v2\/media\/25401"}],"wp:attachment":[{"href":"https:\/\/agora.xtec.cat\/escolacollserolacerdanyola\/wp-json\/wp\/v2\/media?parent=25400"}],"wp:term":[{"taxonomy":"category","embeddable":true,"href":"https:\/\/agora.xtec.cat\/escolacollserolacerdanyola\/wp-json\/wp\/v2\/categories?post=25400"},{"taxonomy":"post_tag","embeddable":true,"href":"https:\/\/agora.xtec.cat\/escolacollserolacerdanyola\/wp-json\/wp\/v2\/tags?post=25400"}],"curies":[{"name":"wp","href":"https:\/\/api.w.org\/{rel}","templated":true}]}}