{"id":25391,"date":"2022-02-27T19:08:40","date_gmt":"2022-02-27T18:08:40","guid":{"rendered":"https:\/\/agora.xtec.cat\/escolacollserolacerdanyola\/?p=25391"},"modified":"2022-02-27T20:06:49","modified_gmt":"2022-02-27T19:06:49","slug":"carnaval-2022","status":"publish","type":"post","link":"https:\/\/agora.xtec.cat\/escolacollserolacerdanyola\/ei3-ei4-ei5\/ei3\/carnaval-2022\/","title":{"rendered":"CARNAVAL 2022"},"content":{"rendered":"<p>BENVOLGUDES FAM\u00cdLIES,<\/p>\n<p>LA SETMANA PASSADA VAM CELEBRAR LA FESTA DE CARNAVAL.<\/p>\n<p>LA CLASSE DELS COLORS VAN PINTAR I DECORAR UNES M\u00c0SCARES PER DECORAR EL PASSAD\u00cdS I ELS VIDRES DE L&#8217;AULA PER PODER REBRE, EL DILLUNS 21,\u00a0 AL REI\/NA CARNESTOLTES PER INFORMAR-NOS DE LES CONSIGNES PEL DIMARTS, DIMECRES I DIJOUS:<\/p>\n<ul>\n<li>VENIR A L&#8217;ESCOLA EN PIJAMA.<\/li>\n<li>PORTAR ALGUNA COSA PRESTADA.<\/li>\n<li>PORTAR UN COMPLEMENT AL CAP.<\/li>\n<\/ul>\n<p>AQUESTA SETMANA ESPECIAL, ELS COLORS, VAN REALITZAR DIFERENTS ACTIVITATS RELACIONADES AMB LA FESTA DE CARNAVAL:<\/p>\n<ul style=\"list-style-type: square\">\n<li>FER UNA M\u00c0SCARA AMB LES NOSTRES MANS I DECORAR-LES PER EMPORTAR-LES A CASA.<\/li>\n<li>DISFRESSAR LA NOSTRA CARA EN UNA TRANSPAR\u00c8NCIA AMB COMPLEMENTS: ULLERES, BARRET, ARRACADES,&#8230;. LES HEM PENJAT AL PASSAD\u00cdS, JA VEUREU EN LES FOTOGRAFIES, ENS HA QUEDAT MOLT DIVERTIDES.<\/li>\n<li>ANAR AL RAC\u00d3 DE LES DISFRESSES.<\/li>\n<li>LA FESTA DE CARNAVAL, ON ELS COLORS HAN PREPARAT UNA COREOGRAFIA DE LA CAN\u00c7\u00d3 &#8220;EL CARANVAL JA \u00c9S AQU\u00cd&#8221; DE RIKUS PER BALLAR-LA AMB LA DISFRESSA QUE M\u00c9S ENS AGRADA.<\/li>\n<\/ul>\n<p><a href=\"https:\/\/photos.app.goo.gl\/9HqxtWQbrNd2MgsB8\"><img loading=\"lazy\" decoding=\"async\" class=\"size-medium wp-image-25392 aligncenter\" src=\"https:\/\/agora.xtec.cat\/escolacollserolacerdanyola\/wp-content\/uploads\/usu1390\/2022\/02\/20220221_152716-300x225.jpg\" alt=\"\" width=\"300\" height=\"225\" srcset=\"https:\/\/agora.xtec.cat\/escolacollserolacerdanyola\/wp-content\/uploads\/usu1390\/2022\/02\/20220221_152716-300x225.jpg 300w, https:\/\/agora.xtec.cat\/escolacollserolacerdanyola\/wp-content\/uploads\/usu1390\/2022\/02\/20220221_152716-1024x768.jpg 1024w, https:\/\/agora.xtec.cat\/escolacollserolacerdanyola\/wp-content\/uploads\/usu1390\/2022\/02\/20220221_152716-768x576.jpg 768w, https:\/\/agora.xtec.cat\/escolacollserolacerdanyola\/wp-content\/uploads\/usu1390\/2022\/02\/20220221_152716-1536x1152.jpg 1536w, https:\/\/agora.xtec.cat\/escolacollserolacerdanyola\/wp-content\/uploads\/usu1390\/2022\/02\/20220221_152716-2048x1536.jpg 2048w, https:\/\/agora.xtec.cat\/escolacollserolacerdanyola\/wp-content\/uploads\/usu1390\/2022\/02\/20220221_152716-200x150.jpg 200w\" sizes=\"auto, (max-width: 300px) 100vw, 300px\" \/><\/a><\/p>\n<p style=\"text-align: center\">CLIQUEU A LA FOTOGRAFIA I VEUREU COM HO HEM PASSAT<\/p>\n<p>&nbsp;<\/p>\n","protected":false},"excerpt":{"rendered":"<p>BENVOLGUDES FAM\u00cdLIES,<br \/>\nLA SETMANA PASSADA VAM CELEBRAR LA FESTA DE CARNAVAL.<br \/>\nLA CLASSE DELS COLORS VAN PINTAR I DECORAR UNES M\u00c0SCARES PER DECORAR EL PASSAD\u00cdS I ELS VIDRES DE L&#8217;AULA PER PODER REBRE, EL DILLUNS 21,\u00a0 AL REI\/NA CARNESTOLTES PER INFORMAR-NOS DE LES CONSIGNES PEL DIMARTS, DIMECRES&hellip;  <a href=\"https:\/\/agora.xtec.cat\/escolacollserolacerdanyola\/ei3-ei4-ei5\/ei3\/carnaval-2022\/\" title=\"Read CARNAVAL 2022\">Llegeix m\u00e9s\u00bb<\/a><\/p>\n","protected":false},"author":6,"featured_media":25392,"comment_status":"open","ping_status":"closed","sticky":false,"template":"","format":"standard","meta":{"_bbp_topic_count":0,"_bbp_reply_count":0,"_bbp_total_topic_count":0,"_bbp_total_reply_count":0,"_bbp_voice_count":0,"_bbp_anonymous_reply_count":0,"_bbp_topic_count_hidden":0,"_bbp_reply_count_hidden":0,"_bbp_forum_subforum_count":0,"footnotes":""},"categories":[3],"tags":[],"class_list":["post-25391","post","type-post","status-publish","format-standard","has-post-thumbnail","hentry","category-ei3"],"post_mailing_queue_ids":[],"_links":{"self":[{"href":"https:\/\/agora.xtec.cat\/escolacollserolacerdanyola\/wp-json\/wp\/v2\/posts\/25391","targetHints":{"allow":["GET"]}}],"collection":[{"href":"https:\/\/agora.xtec.cat\/escolacollserolacerdanyola\/wp-json\/wp\/v2\/posts"}],"about":[{"href":"https:\/\/agora.xtec.cat\/escolacollserolacerdanyola\/wp-json\/wp\/v2\/types\/post"}],"author":[{"embeddable":true,"href":"https:\/\/agora.xtec.cat\/escolacollserolacerdanyola\/wp-json\/wp\/v2\/users\/6"}],"replies":[{"embeddable":true,"href":"https:\/\/agora.xtec.cat\/escolacollserolacerdanyola\/wp-json\/wp\/v2\/comments?post=25391"}],"version-history":[{"count":1,"href":"https:\/\/agora.xtec.cat\/escolacollserolacerdanyola\/wp-json\/wp\/v2\/posts\/25391\/revisions"}],"predecessor-version":[{"id":25393,"href":"https:\/\/agora.xtec.cat\/escolacollserolacerdanyola\/wp-json\/wp\/v2\/posts\/25391\/revisions\/25393"}],"wp:featuredmedia":[{"embeddable":true,"href":"https:\/\/agora.xtec.cat\/escolacollserolacerdanyola\/wp-json\/wp\/v2\/media\/25392"}],"wp:attachment":[{"href":"https:\/\/agora.xtec.cat\/escolacollserolacerdanyola\/wp-json\/wp\/v2\/media?parent=25391"}],"wp:term":[{"taxonomy":"category","embeddable":true,"href":"https:\/\/agora.xtec.cat\/escolacollserolacerdanyola\/wp-json\/wp\/v2\/categories?post=25391"},{"taxonomy":"post_tag","embeddable":true,"href":"https:\/\/agora.xtec.cat\/escolacollserolacerdanyola\/wp-json\/wp\/v2\/tags?post=25391"}],"curies":[{"name":"wp","href":"https:\/\/api.w.org\/{rel}","templated":true}]}}