{"id":25383,"date":"2022-02-27T10:22:11","date_gmt":"2022-02-27T09:22:11","guid":{"rendered":"https:\/\/agora.xtec.cat\/escolacollserolacerdanyola\/?p=25383"},"modified":"2022-02-27T10:24:14","modified_gmt":"2022-02-27T09:24:14","slug":"5e-plantem-patates","status":"publish","type":"post","link":"https:\/\/agora.xtec.cat\/escolacollserolacerdanyola\/de-1r-a-6e\/5e-plantem-patates\/","title":{"rendered":"5\u00e8. Plantem patates!"},"content":{"rendered":"<p>Aquesta setmana ens ha tocat a nosaltres anar a l&#8217;hort i col\u00b7laborar plantant patates. Per fer-ho primer hem preparat la terra, hem tallat les patates que tenien grills, les hem posat a dins la terra, les hem tapades i per acabar hem regat molt b\u00e9 la terra, una gran feina en equip!!<\/p>\n<p>Tamb\u00e9 hem observat com van creixent la resta de plantes, a les mongeteres ja els hi estan creixent les beines! Tamb\u00e9 hem trasplantat unes arom\u00e0tiques, hem olorat i assaborit la menta, l&#8217;herba de poniol i la melissa!<\/p>\n<p>&nbsp;<\/p>\n<p>Aqu\u00ed us deixem algunes imatges. Com ens agrada anar a l&#8217;hort!<\/p>\n<p><a href=\"https:\/\/photos.app.goo.gl\/A4sxJE4Rsyw17yXu7\">Plantem patates<\/a><\/p>\n","protected":false},"excerpt":{"rendered":"<p>Aquesta setmana ens ha tocat a nosaltres anar a l&#8217;hort i col\u00b7laborar plantant patates. Per fer-ho primer hem preparat la terra, hem tallat les patates que tenien grills, les hem posat a dins la terra, les hem tapades i per acabar hem regat molt b\u00e9&hellip;  <a href=\"https:\/\/agora.xtec.cat\/escolacollserolacerdanyola\/de-1r-a-6e\/5e-plantem-patates\/\" title=\"Read 5\u00e8. Plantem patates!\">Llegeix m\u00e9s\u00bb<\/a><\/p>\n","protected":false},"author":9,"featured_media":25385,"comment_status":"open","ping_status":"closed","sticky":false,"template":"","format":"standard","meta":{"_bbp_topic_count":0,"_bbp_reply_count":0,"_bbp_total_topic_count":0,"_bbp_total_reply_count":0,"_bbp_voice_count":0,"_bbp_anonymous_reply_count":0,"_bbp_topic_count_hidden":0,"_bbp_reply_count_hidden":0,"_bbp_forum_subforum_count":0,"footnotes":""},"categories":[14,86,5],"tags":[],"class_list":["post-25383","post","type-post","status-publish","format-standard","has-post-thumbnail","hentry","category-5e","category-grans","category-de-1r-a-6e"],"post_mailing_queue_ids":[],"_links":{"self":[{"href":"https:\/\/agora.xtec.cat\/escolacollserolacerdanyola\/wp-json\/wp\/v2\/posts\/25383","targetHints":{"allow":["GET"]}}],"collection":[{"href":"https:\/\/agora.xtec.cat\/escolacollserolacerdanyola\/wp-json\/wp\/v2\/posts"}],"about":[{"href":"https:\/\/agora.xtec.cat\/escolacollserolacerdanyola\/wp-json\/wp\/v2\/types\/post"}],"author":[{"embeddable":true,"href":"https:\/\/agora.xtec.cat\/escolacollserolacerdanyola\/wp-json\/wp\/v2\/users\/9"}],"replies":[{"embeddable":true,"href":"https:\/\/agora.xtec.cat\/escolacollserolacerdanyola\/wp-json\/wp\/v2\/comments?post=25383"}],"version-history":[{"count":2,"href":"https:\/\/agora.xtec.cat\/escolacollserolacerdanyola\/wp-json\/wp\/v2\/posts\/25383\/revisions"}],"predecessor-version":[{"id":25387,"href":"https:\/\/agora.xtec.cat\/escolacollserolacerdanyola\/wp-json\/wp\/v2\/posts\/25383\/revisions\/25387"}],"wp:featuredmedia":[{"embeddable":true,"href":"https:\/\/agora.xtec.cat\/escolacollserolacerdanyola\/wp-json\/wp\/v2\/media\/25385"}],"wp:attachment":[{"href":"https:\/\/agora.xtec.cat\/escolacollserolacerdanyola\/wp-json\/wp\/v2\/media?parent=25383"}],"wp:term":[{"taxonomy":"category","embeddable":true,"href":"https:\/\/agora.xtec.cat\/escolacollserolacerdanyola\/wp-json\/wp\/v2\/categories?post=25383"},{"taxonomy":"post_tag","embeddable":true,"href":"https:\/\/agora.xtec.cat\/escolacollserolacerdanyola\/wp-json\/wp\/v2\/tags?post=25383"}],"curies":[{"name":"wp","href":"https:\/\/api.w.org\/{rel}","templated":true}]}}