{"id":25347,"date":"2022-02-14T14:12:14","date_gmt":"2022-02-14T13:12:14","guid":{"rendered":"https:\/\/agora.xtec.cat\/escolacollserolacerdanyola\/?p=25347"},"modified":"2022-02-14T14:12:45","modified_gmt":"2022-02-14T13:12:45","slug":"5e-sortida-a-la-fageda","status":"publish","type":"post","link":"https:\/\/agora.xtec.cat\/escolacollserolacerdanyola\/portadageneral\/5e-sortida-a-la-fageda\/","title":{"rendered":"5\u00e8. Sortida a la Fageda"},"content":{"rendered":"<p>Dijous 10 de febrer vam visitar la Fageda d&#8217;en Jord\u00e0 i la Cooperativa La Fageda de postres l\u00e0ctics.<\/p>\n<p>Aqu\u00ed teniu el reportatge fotogr\u00e0fic que van fer els nens i nenes.<\/p>\n<p><a href=\"https:\/\/photos.app.goo.gl\/ARfwZRcVxs2h8DJEA\">Sortida a la Fageda<\/a><\/p>\n","protected":false},"excerpt":{"rendered":"<p>Dijous 10 de febrer vam visitar la Fageda d&#8217;en Jord\u00e0 i la Cooperativa La Fageda de postres l\u00e0ctics.<br \/>\nAqu\u00ed teniu el reportatge fotogr\u00e0fic que van fer els nens i nenes.<br \/>\n<a href=\"https:\/\/photos.app.goo.gl\/ARfwZRcVxs2h8DJEA\">Sortida a la Fageda<\/a><\/p>\n","protected":false},"author":9,"featured_media":25348,"comment_status":"open","ping_status":"closed","sticky":false,"template":"","format":"standard","meta":{"_bbp_topic_count":0,"_bbp_reply_count":0,"_bbp_total_topic_count":0,"_bbp_total_reply_count":0,"_bbp_voice_count":0,"_bbp_anonymous_reply_count":0,"_bbp_topic_count_hidden":0,"_bbp_reply_count_hidden":0,"_bbp_forum_subforum_count":0,"footnotes":""},"categories":[14,86,1,5],"tags":[],"class_list":["post-25347","post","type-post","status-publish","format-standard","has-post-thumbnail","hentry","category-5e","category-grans","category-portadageneral","category-de-1r-a-6e"],"post_mailing_queue_ids":[],"_links":{"self":[{"href":"https:\/\/agora.xtec.cat\/escolacollserolacerdanyola\/wp-json\/wp\/v2\/posts\/25347","targetHints":{"allow":["GET"]}}],"collection":[{"href":"https:\/\/agora.xtec.cat\/escolacollserolacerdanyola\/wp-json\/wp\/v2\/posts"}],"about":[{"href":"https:\/\/agora.xtec.cat\/escolacollserolacerdanyola\/wp-json\/wp\/v2\/types\/post"}],"author":[{"embeddable":true,"href":"https:\/\/agora.xtec.cat\/escolacollserolacerdanyola\/wp-json\/wp\/v2\/users\/9"}],"replies":[{"embeddable":true,"href":"https:\/\/agora.xtec.cat\/escolacollserolacerdanyola\/wp-json\/wp\/v2\/comments?post=25347"}],"version-history":[{"count":1,"href":"https:\/\/agora.xtec.cat\/escolacollserolacerdanyola\/wp-json\/wp\/v2\/posts\/25347\/revisions"}],"predecessor-version":[{"id":25349,"href":"https:\/\/agora.xtec.cat\/escolacollserolacerdanyola\/wp-json\/wp\/v2\/posts\/25347\/revisions\/25349"}],"wp:featuredmedia":[{"embeddable":true,"href":"https:\/\/agora.xtec.cat\/escolacollserolacerdanyola\/wp-json\/wp\/v2\/media\/25348"}],"wp:attachment":[{"href":"https:\/\/agora.xtec.cat\/escolacollserolacerdanyola\/wp-json\/wp\/v2\/media?parent=25347"}],"wp:term":[{"taxonomy":"category","embeddable":true,"href":"https:\/\/agora.xtec.cat\/escolacollserolacerdanyola\/wp-json\/wp\/v2\/categories?post=25347"},{"taxonomy":"post_tag","embeddable":true,"href":"https:\/\/agora.xtec.cat\/escolacollserolacerdanyola\/wp-json\/wp\/v2\/tags?post=25347"}],"curies":[{"name":"wp","href":"https:\/\/api.w.org\/{rel}","templated":true}]}}