{"id":25333,"date":"2022-02-13T17:49:31","date_gmt":"2022-02-13T16:49:31","guid":{"rendered":"https:\/\/agora.xtec.cat\/escolacollserolacerdanyola\/?p=25333"},"modified":"2022-02-13T19:38:07","modified_gmt":"2022-02-13T18:38:07","slug":"sortida-al-museu-i-poblat-de-ca-noliver","status":"publish","type":"post","link":"https:\/\/agora.xtec.cat\/escolacollserolacerdanyola\/de-1r-a-6e\/sortida-al-museu-i-poblat-de-ca-noliver\/","title":{"rendered":"Sortida al museu i poblat de Ca n&#8217;Oliver"},"content":{"rendered":"<p>El mes de gener vam anar a visitar el Museu i el jaciment ib\u00e8ric de Ca n&#8217;Oliver, vam aprendre&#8217;n moltes coses! Un cop\u00a0 a l&#8217;escola vam comprovar si era f\u00e0cil comunicar-se com ho feia el poblat ib\u00e8ric a trav\u00e9s dels miralls, i ens vam comunicar amb una companya que estava a casa confinada, ho vam aconseguir!<\/p>\n<p>Aqu\u00ed algunes imatges:<\/p>\n<p><a href=\"https:\/\/photos.app.goo.gl\/uboHvRNPgDQEn8Cs8\">Sortida al museu i poblat iber de Ca n&#8217;Oliver<\/a><\/p>\n","protected":false},"excerpt":{"rendered":"<p>El mes de gener vam anar a visitar el Museu i el jaciment ib\u00e8ric de Ca n&#8217;Oliver, vam aprendre&#8217;n moltes coses! Un cop\u00a0 a l&#8217;escola vam comprovar si era f\u00e0cil comunicar-se com ho feia el poblat ib\u00e8ric a trav\u00e9s dels miralls, i ens vam comunicar&hellip;  <a href=\"https:\/\/agora.xtec.cat\/escolacollserolacerdanyola\/de-1r-a-6e\/sortida-al-museu-i-poblat-de-ca-noliver\/\" title=\"Read Sortida al museu i poblat de Ca n&#8217;Oliver\">Llegeix m\u00e9s\u00bb<\/a><\/p>\n","protected":false},"author":9,"featured_media":25337,"comment_status":"open","ping_status":"closed","sticky":false,"template":"","format":"standard","meta":{"_bbp_topic_count":0,"_bbp_reply_count":0,"_bbp_total_topic_count":0,"_bbp_total_reply_count":0,"_bbp_voice_count":0,"_bbp_anonymous_reply_count":0,"_bbp_topic_count_hidden":0,"_bbp_reply_count_hidden":0,"_bbp_forum_subforum_count":0,"footnotes":""},"categories":[14,86,5],"tags":[],"class_list":["post-25333","post","type-post","status-publish","format-standard","has-post-thumbnail","hentry","category-5e","category-grans","category-de-1r-a-6e"],"post_mailing_queue_ids":[],"_links":{"self":[{"href":"https:\/\/agora.xtec.cat\/escolacollserolacerdanyola\/wp-json\/wp\/v2\/posts\/25333","targetHints":{"allow":["GET"]}}],"collection":[{"href":"https:\/\/agora.xtec.cat\/escolacollserolacerdanyola\/wp-json\/wp\/v2\/posts"}],"about":[{"href":"https:\/\/agora.xtec.cat\/escolacollserolacerdanyola\/wp-json\/wp\/v2\/types\/post"}],"author":[{"embeddable":true,"href":"https:\/\/agora.xtec.cat\/escolacollserolacerdanyola\/wp-json\/wp\/v2\/users\/9"}],"replies":[{"embeddable":true,"href":"https:\/\/agora.xtec.cat\/escolacollserolacerdanyola\/wp-json\/wp\/v2\/comments?post=25333"}],"version-history":[{"count":1,"href":"https:\/\/agora.xtec.cat\/escolacollserolacerdanyola\/wp-json\/wp\/v2\/posts\/25333\/revisions"}],"predecessor-version":[{"id":25334,"href":"https:\/\/agora.xtec.cat\/escolacollserolacerdanyola\/wp-json\/wp\/v2\/posts\/25333\/revisions\/25334"}],"wp:featuredmedia":[{"embeddable":true,"href":"https:\/\/agora.xtec.cat\/escolacollserolacerdanyola\/wp-json\/wp\/v2\/media\/25337"}],"wp:attachment":[{"href":"https:\/\/agora.xtec.cat\/escolacollserolacerdanyola\/wp-json\/wp\/v2\/media?parent=25333"}],"wp:term":[{"taxonomy":"category","embeddable":true,"href":"https:\/\/agora.xtec.cat\/escolacollserolacerdanyola\/wp-json\/wp\/v2\/categories?post=25333"},{"taxonomy":"post_tag","embeddable":true,"href":"https:\/\/agora.xtec.cat\/escolacollserolacerdanyola\/wp-json\/wp\/v2\/tags?post=25333"}],"curies":[{"name":"wp","href":"https:\/\/api.w.org\/{rel}","templated":true}]}}