{"id":25318,"date":"2022-02-10T23:12:14","date_gmt":"2022-02-10T22:12:14","guid":{"rendered":"https:\/\/agora.xtec.cat\/escolacollserolacerdanyola\/?p=25318"},"modified":"2022-02-10T23:12:14","modified_gmt":"2022-02-10T22:12:14","slug":"sortida-de-la-masia-al-poble","status":"publish","type":"post","link":"https:\/\/agora.xtec.cat\/escolacollserolacerdanyola\/de-1r-a-6e\/4t\/sortida-de-la-masia-al-poble\/","title":{"rendered":"Sortida &#8220;De la Masia al Poble&#8221;"},"content":{"rendered":"<p>El divendres 4 de febrer els exploradors i les exploradores vam fer la nostra primera sortida d&#8217;aquest curs!!!<\/p>\n<p>Va ser una sortida molt interessant on vam descobrir moltes coses de Cerdanyola que desconeixiem.<\/p>\n<p>Al llarg del passeig per alguns carrers de la ciutat vam observar dos tipus de cases principals: les cases de cos o de poble i les cases d&#8217;estiueig. Tots dos tipus de cases van formar el primer barri de Cerdanyola, el Barri de Dalt cap al 1828. Aquestes cases es van constru\u00efr a la zona de la pla\u00e7a Sant Ram\u00f3n, la primera pla\u00e7a de Cerdanyola i un lloc important ja que era on es centraven esdeveniments tals com el mercat o els balls de la festa major del barri, la festa de Sant Mart\u00ed. Proper a aquesta pla\u00e7a va esdevenir el carrer m\u00e9s antic de la ciutat: el carrer Sant Ram\u00f3n que antigament era el cam\u00ed que feien servir els pagesos per arribar fins a Sant Cugat en carro. Al carrer Sant Ram\u00f3n van constru\u00efr el primer ajuntament i la pres\u00f3 i molt a prop en una casa particular el que seria considerada la primera escola. Tamb\u00e9 trobem la casa del ferrer on encara hi ha les anelles per lligar els cavalls a la fa\u00e7ana i al davant la &#8220;Cooperativa la Constancia&#8221; (el solanet actual) on la gent podia anar-hi a comprar. A la pla\u00e7a Sant Ram\u00f3n m\u00e9s endavant es va constru\u00efr l&#8217;escola gran.<\/p>\n<p>En aquest carrer trobem moltes cases de poble i d&#8217;estiueig.<\/p>\n<p>Les cases de cos o de poble, eren cases pertanyents als pagesos de la zona. Totes tenien una estructura similar:\u00a0 dues plantes, forma allargada amb un pati al final (eixida) que donava al carrer del darrere i fa\u00e7ana amb porta, finestra i petit balc\u00f3.<\/p>\n<p>Les cases d&#8217;estiueig eren ocupades nom\u00e9s durant els mesos d&#8217;estiu. Les fam\u00edlies benestants de Barcelona van trobar a la nostra ciutat un lloc ideal per constru\u00efr-les. Totes tenien un gran jard\u00ed (m\u00e9s gran que el que es conserva) i algun element exterior que la feia particular:\u00a0 vidrieres (Can Domenech- Museu d&#8217;art), dracs (Torre Vermella), torre amb teulada decorada (Can Llopis), forma de masia decorada amb roses (Masia Rosa- Ca N&#8217;ortad\u00f3)&#8230;.Hi havia moltes cases d&#8217;estitueig a Cerdanyola de les que encara queden restes dels seus antics jardins i ara aquest espai l&#8217;ocupen blocs de pisos.<\/p>\n<p>Com que l&#8217;antiga esgl\u00e8sia els hi quedava molt lluny a la gent de l&#8217;\u00e8poca, van decidir constru\u00efr una nova una mica m\u00e9s a prop.<\/p>\n<p>Amb el temps, les cases de cos i les d&#8217;estiueig es van anar situant en altres zones formant-se aix\u00ed el Barri de Baix a l&#8217;altre costat del Pont Vell. En aquest nou barri es va constru\u00efr l&#8217;estaci\u00f3 del tren i al davant, al costat de Ca N&#8217;Altimira es celebraven les festes del barri de baix al juliol.<\/p>\n<p>L&#8217;arribada del tren va suposar un creixement molt important per la ciutat, van venir m\u00e9s fam\u00edlies de Barcelona i personatges famosos a passar llargues temporades a la ciutat: Carles Buigas, Pau Casals i Enrique Granados, la V\u00edctor Catal\u00e0&#8230;.<\/p>\n<p>&nbsp;<\/p>\n<p>Al llarg de la sortida, com heu vist vam caminar molt\u00edssim per\u00f2 vam aprendre un munt de coses interessants.<\/p>\n<p>Aqu\u00ed teniu un petit recull de fotos.<\/p>\n<p><a href=\"https:\/\/photos.app.goo.gl\/4eFCg3DccXf6GsUK7\">De la Masia al Poble<\/a><\/p>\n","protected":false},"excerpt":{"rendered":"<p>El divendres 4 de febrer els exploradors i les exploradores vam fer la nostra primera sortida d&#8217;aquest curs!!!<br \/>\nVa ser una sortida molt interessant on vam descobrir moltes coses de Cerdanyola que desconeixiem.<br \/>\nAl llarg del passeig per alguns carrers de la ciutat vam observar dos tipus&hellip;  <a href=\"https:\/\/agora.xtec.cat\/escolacollserolacerdanyola\/de-1r-a-6e\/4t\/sortida-de-la-masia-al-poble\/\" title=\"Read Sortida &#8220;De la Masia al Poble&#8221;\">Llegeix m\u00e9s\u00bb<\/a><\/p>\n","protected":false},"author":9,"featured_media":25319,"comment_status":"open","ping_status":"closed","sticky":false,"template":"","format":"standard","meta":{"_bbp_topic_count":0,"_bbp_reply_count":0,"_bbp_total_topic_count":0,"_bbp_total_reply_count":0,"_bbp_voice_count":0,"_bbp_anonymous_reply_count":0,"_bbp_topic_count_hidden":0,"_bbp_reply_count_hidden":0,"_bbp_forum_subforum_count":0,"footnotes":""},"categories":[13,86,93,94],"tags":[],"class_list":["post-25318","post","type-post","status-publish","format-standard","has-post-thumbnail","hentry","category-4t","category-grans","category-sortides","category-sortides-culturals"],"post_mailing_queue_ids":[],"_links":{"self":[{"href":"https:\/\/agora.xtec.cat\/escolacollserolacerdanyola\/wp-json\/wp\/v2\/posts\/25318","targetHints":{"allow":["GET"]}}],"collection":[{"href":"https:\/\/agora.xtec.cat\/escolacollserolacerdanyola\/wp-json\/wp\/v2\/posts"}],"about":[{"href":"https:\/\/agora.xtec.cat\/escolacollserolacerdanyola\/wp-json\/wp\/v2\/types\/post"}],"author":[{"embeddable":true,"href":"https:\/\/agora.xtec.cat\/escolacollserolacerdanyola\/wp-json\/wp\/v2\/users\/9"}],"replies":[{"embeddable":true,"href":"https:\/\/agora.xtec.cat\/escolacollserolacerdanyola\/wp-json\/wp\/v2\/comments?post=25318"}],"version-history":[{"count":1,"href":"https:\/\/agora.xtec.cat\/escolacollserolacerdanyola\/wp-json\/wp\/v2\/posts\/25318\/revisions"}],"predecessor-version":[{"id":25320,"href":"https:\/\/agora.xtec.cat\/escolacollserolacerdanyola\/wp-json\/wp\/v2\/posts\/25318\/revisions\/25320"}],"wp:featuredmedia":[{"embeddable":true,"href":"https:\/\/agora.xtec.cat\/escolacollserolacerdanyola\/wp-json\/wp\/v2\/media\/25319"}],"wp:attachment":[{"href":"https:\/\/agora.xtec.cat\/escolacollserolacerdanyola\/wp-json\/wp\/v2\/media?parent=25318"}],"wp:term":[{"taxonomy":"category","embeddable":true,"href":"https:\/\/agora.xtec.cat\/escolacollserolacerdanyola\/wp-json\/wp\/v2\/categories?post=25318"},{"taxonomy":"post_tag","embeddable":true,"href":"https:\/\/agora.xtec.cat\/escolacollserolacerdanyola\/wp-json\/wp\/v2\/tags?post=25318"}],"curies":[{"name":"wp","href":"https:\/\/api.w.org\/{rel}","templated":true}]}}