{"id":25309,"date":"2022-02-10T19:41:01","date_gmt":"2022-02-10T18:41:01","guid":{"rendered":"https:\/\/agora.xtec.cat\/escolacollserolacerdanyola\/?p=25309"},"modified":"2022-02-10T19:46:41","modified_gmt":"2022-02-10T18:46:41","slug":"la-classe-de-les-balenes-a-laquarium","status":"publish","type":"post","link":"https:\/\/agora.xtec.cat\/escolacollserolacerdanyola\/ei3-ei4-ei5\/ei5\/la-classe-de-les-balenes-a-laquarium\/","title":{"rendered":"La classe de les Balenes a l&#8217;Aqu\u00e0rium"},"content":{"rendered":"<p>Benvolgudes fam\u00edlies!!<\/p>\n<p style=\"text-align: center\">Per fi va arribar la primera excursi\u00f3 de tot el dia a l&#8217;Aqu\u00e0rium. La classe de les\u00a0 Balenes no pod\u00edem amagar l&#8217;emoci\u00f3 que teniem d&#8217;anar d&#8217;excursi\u00f3. Vam arribar amb l&#8217;autocar a Barcelona , i abans d&#8217;entrar a l&#8217;Aqu\u00e0rium vam esmorzar . Un cop vam entrar, ens esperava ja la nostra guia,\u00a0 la Marta, que ens va anar explicant quins peixos hi havia\u00a0 a cada aqu\u00e0rium,\u00a0 els noms,\u00a0 les caracter\u00edstiques\u00a0 d&#8217;aquests i la manera de viure.<\/p>\n<p style=\"text-align: center\">Un cop vam passar pel t\u00fanel,\u00a0 era l&#8217;hora de menjar dels taurons, i vam veure com un bussejador els hi donaven de menjar. Un cop va acabar la visita,\u00a0 ten\u00edem molta gana,\u00a0 i la Marta molt amable ens va dir que a la terrassa de l&#8217;Aqu\u00e0rium pod\u00edem dinar. I, a m\u00e9s a m\u00e9s, vam poder jugar una estona amb la boca del taur\u00f3\u00a0 i el cavallet de mar.<\/p>\n<p style=\"text-align: center\">Quan ja gaireb\u00e9 era l&#8217;hora d&#8217;anar a buscar l&#8217;autocar per tornar a l&#8217;escola, encara, vam poder veure els ping\u00fcins i les meduses.<\/p>\n<p style=\"text-align: center\">Estem molt contents de&#8217;haver pogut visitar l&#8217;Aqu\u00e0rium. Ja coneixem una mica m\u00e9s d&#8217;alguns\u00a0 peixos que conviuen amb les Balenes.<\/p>\n<p>\u00a0 \u00a0 \u00a0 \u00a0 \u00a0 \u00a0 \u00a0 \u00a0 \u00a0 \u00a0 \u00a0 \u00a0 \u00a0 \u00a0 \u00a0 \u00a0 \u00a0 \u00a0 \u00a0 \u00a0 \u00a0 \u00a0 \u00a0 \u00a0 \u00a0 \u00a0 \u00a0 \u00a0 \u00a0 \u00a0 \u00a0 \u00a0 \u00a0 \u00a0 \u00a0 \u00a0 \u00a0 \u00a0 \u00a0 \u00a0 \u00a0 \u00a0 \u00a0 \u00a0 Aqu\u00ed us deixo un recull de les fotos. Esperem que en gaudiu tan com nosaltres de la visita a l&#8217;Aqu\u00e0rium.<\/p>\n<p style=\"text-align: center\">Cliqueu sobre la foto i veureu<\/p>\n<p>\u00a0 \u00a0 \u00a0 \u00a0 \u00a0 \u00a0 \u00a0 \u00a0 \u00a0 \u00a0 \u00a0 \u00a0 \u00a0 \u00a0 \u00a0 \u00a0 \u00a0 \u00a0 \u00a0 \u00a0 \u00a0 \u00a0 \u00a0 \u00a0 \u00a0 \u00a0 \u00a0 \u00a0 \u00a0 \u00a0 \u00a0 \u00a0 \u00a0 \u00a0 \u00a0 \u00a0 \u00a0 \u00a0 \u00a0 \u00a0 \u00a0 \u00a0 \u00a0 \u00a0 \u00a0 \u00a0 \u00a0 \u00a0 \u00a0 \u00a0 \u00a0 \u00a0 \u00a0 \u00a0 \u00a0 \u00a0 \u00a0 \u00a0 \u00a0 \u00a0 \u00a0 \u00a0 \u00a0 \u00a0 \u00a0 \u00a0 \u00a0 \u00a0 \u00a0 \u00a0 \u00a0 \u00a0 \u00a0 \u00a0 \u00a0 \u00a0 \u00a0 <a href=\"https:\/\/photos.app.goo.gl\/HYPnZsbs9cUFeYX7A\"><img loading=\"lazy\" decoding=\"async\" class=\"aligncenter\" src=\"https:\/\/agora.xtec.cat\/escolacollserolacerdanyola\/wp-content\/uploads\/usu1390\/2022\/02\/IMG_20220208_112311-copia.jpg\" width=\"584\" height=\"328\" \/><\/a><\/p>\n","protected":false},"excerpt":{"rendered":"<p>Benvolgudes fam\u00edlies!!<br \/>\nPer fi va arribar la primera excursi\u00f3 de tot el dia a l&#8217;Aqu\u00e0rium. La classe de les\u00a0 Balenes no pod\u00edem amagar l&#8217;emoci\u00f3 que teniem d&#8217;anar d&#8217;excursi\u00f3. Vam arribar amb l&#8217;autocar a Barcelona , i abans d&#8217;entrar a l&#8217;Aqu\u00e0rium vam esmorzar . Un cop vam&hellip;  <a href=\"https:\/\/agora.xtec.cat\/escolacollserolacerdanyola\/ei3-ei4-ei5\/ei5\/la-classe-de-les-balenes-a-laquarium\/\" title=\"Read La classe de les Balenes a l&#8217;Aqu\u00e0rium\">Llegeix m\u00e9s\u00bb<\/a><\/p>\n","protected":false},"author":6,"featured_media":25310,"comment_status":"open","ping_status":"closed","sticky":false,"template":"","format":"standard","meta":{"_bbp_topic_count":0,"_bbp_reply_count":0,"_bbp_total_topic_count":0,"_bbp_total_reply_count":0,"_bbp_voice_count":0,"_bbp_anonymous_reply_count":0,"_bbp_topic_count_hidden":0,"_bbp_reply_count_hidden":0,"_bbp_forum_subforum_count":0,"footnotes":""},"categories":[9],"tags":[],"class_list":["post-25309","post","type-post","status-publish","format-standard","has-post-thumbnail","hentry","category-ei5"],"post_mailing_queue_ids":[],"_links":{"self":[{"href":"https:\/\/agora.xtec.cat\/escolacollserolacerdanyola\/wp-json\/wp\/v2\/posts\/25309","targetHints":{"allow":["GET"]}}],"collection":[{"href":"https:\/\/agora.xtec.cat\/escolacollserolacerdanyola\/wp-json\/wp\/v2\/posts"}],"about":[{"href":"https:\/\/agora.xtec.cat\/escolacollserolacerdanyola\/wp-json\/wp\/v2\/types\/post"}],"author":[{"embeddable":true,"href":"https:\/\/agora.xtec.cat\/escolacollserolacerdanyola\/wp-json\/wp\/v2\/users\/6"}],"replies":[{"embeddable":true,"href":"https:\/\/agora.xtec.cat\/escolacollserolacerdanyola\/wp-json\/wp\/v2\/comments?post=25309"}],"version-history":[{"count":3,"href":"https:\/\/agora.xtec.cat\/escolacollserolacerdanyola\/wp-json\/wp\/v2\/posts\/25309\/revisions"}],"predecessor-version":[{"id":25313,"href":"https:\/\/agora.xtec.cat\/escolacollserolacerdanyola\/wp-json\/wp\/v2\/posts\/25309\/revisions\/25313"}],"wp:featuredmedia":[{"embeddable":true,"href":"https:\/\/agora.xtec.cat\/escolacollserolacerdanyola\/wp-json\/wp\/v2\/media\/25310"}],"wp:attachment":[{"href":"https:\/\/agora.xtec.cat\/escolacollserolacerdanyola\/wp-json\/wp\/v2\/media?parent=25309"}],"wp:term":[{"taxonomy":"category","embeddable":true,"href":"https:\/\/agora.xtec.cat\/escolacollserolacerdanyola\/wp-json\/wp\/v2\/categories?post=25309"},{"taxonomy":"post_tag","embeddable":true,"href":"https:\/\/agora.xtec.cat\/escolacollserolacerdanyola\/wp-json\/wp\/v2\/tags?post=25309"}],"curies":[{"name":"wp","href":"https:\/\/api.w.org\/{rel}","templated":true}]}}