{"id":25263,"date":"2022-02-06T20:01:57","date_gmt":"2022-02-06T19:01:57","guid":{"rendered":"https:\/\/agora.xtec.cat\/escolacollserolacerdanyola\/?p=25263"},"modified":"2022-02-06T20:01:57","modified_gmt":"2022-02-06T19:01:57","slug":"la-plastica-dels-malvats-i-les-malvades","status":"publish","type":"post","link":"https:\/\/agora.xtec.cat\/escolacollserolacerdanyola\/de-1r-a-6e\/la-plastica-dels-malvats-i-les-malvades\/","title":{"rendered":"la pl\u00e0stica dels malvats i les malvades"},"content":{"rendered":"<p>No podem fer fotos en totes les sessions de pl\u00e0stica, ja que s\u00f3n sessions en que tenim molta feina ajudant als alumnes, per\u00f2 aqu\u00ed us presentem algunes fotos de diferents sessions.<\/p>\n<p>Cap al final de la tardor vam aprofitar els materials del nostre rac\u00f3 per fer diferents sessions de pl\u00e0stica, en que primer f\u00e8iem una composici\u00f3 en petit grup, i despr\u00e9s en f\u00e8iem el dibuix amb diferents materials. Va ser molt divertit, i van sortir composicions molt boniques. Tamb\u00e9 vam aprofitar per estampar amb fulles, una activitat que sempre agrada molt.\u00a0 <a href=\"https:\/\/photos.app.goo.gl\/FaxRNyfhd4tg1KTz6\">els malvats i malvades i la tardor<\/a><\/p>\n<p>A l&#8217;hivern vam estar decorant la classe amb mandales i ninots de neu, i la porta de la classe amb un \u00f3s polar.<\/p>\n<p>Al gener hem fet unes sessions relacionades amb el cos hum\u00e0 ja que est\u00e0vem treballant la sang, que circula per tot el cos. Aix\u00ed que comen\u00e7ant pels cabells, fent grafisme creatiu, o dibuixant les nostres siluetes a terra, hem pr\u00e8s consci\u00e8ncia de totes les parts del nostre cos.\u00a0 <a href=\"https:\/\/photos.app.goo.gl\/odSyE1Y2EQ7eS6K3A\">els malvats i malvades i el cos hum\u00e0<\/a><\/p>\n<p>I seguim treballant, ara sobre diferents autors que ens permeten aprendre determinats aspectes visuals i pl\u00e0stics. M\u00e9s endavant us ensenyem el que estem fent.<\/p>\n<p>&nbsp;<\/p>\n","protected":false},"excerpt":{"rendered":"<p>No podem fer fotos en totes les sessions de pl\u00e0stica, ja que s\u00f3n sessions en que tenim molta feina ajudant als alumnes, per\u00f2 aqu\u00ed us presentem algunes fotos de diferents sessions.<br \/>\nCap al final de la tardor vam aprofitar els materials del nostre rac\u00f3 per fer&hellip;  <a href=\"https:\/\/agora.xtec.cat\/escolacollserolacerdanyola\/de-1r-a-6e\/la-plastica-dels-malvats-i-les-malvades\/\" title=\"Read la pl\u00e0stica dels malvats i les malvades\">Llegeix m\u00e9s\u00bb<\/a><\/p>\n","protected":false},"author":33,"featured_media":0,"comment_status":"open","ping_status":"closed","sticky":false,"template":"","format":"standard","meta":{"_bbp_topic_count":0,"_bbp_reply_count":0,"_bbp_total_topic_count":0,"_bbp_total_reply_count":0,"_bbp_voice_count":0,"_bbp_anonymous_reply_count":0,"_bbp_topic_count_hidden":0,"_bbp_reply_count_hidden":0,"_bbp_forum_subforum_count":0,"footnotes":""},"categories":[10,5],"tags":[],"class_list":["post-25263","post","type-post","status-publish","format-standard","hentry","category-1r","category-de-1r-a-6e"],"post_mailing_queue_ids":[],"_links":{"self":[{"href":"https:\/\/agora.xtec.cat\/escolacollserolacerdanyola\/wp-json\/wp\/v2\/posts\/25263","targetHints":{"allow":["GET"]}}],"collection":[{"href":"https:\/\/agora.xtec.cat\/escolacollserolacerdanyola\/wp-json\/wp\/v2\/posts"}],"about":[{"href":"https:\/\/agora.xtec.cat\/escolacollserolacerdanyola\/wp-json\/wp\/v2\/types\/post"}],"author":[{"embeddable":true,"href":"https:\/\/agora.xtec.cat\/escolacollserolacerdanyola\/wp-json\/wp\/v2\/users\/33"}],"replies":[{"embeddable":true,"href":"https:\/\/agora.xtec.cat\/escolacollserolacerdanyola\/wp-json\/wp\/v2\/comments?post=25263"}],"version-history":[{"count":1,"href":"https:\/\/agora.xtec.cat\/escolacollserolacerdanyola\/wp-json\/wp\/v2\/posts\/25263\/revisions"}],"predecessor-version":[{"id":25264,"href":"https:\/\/agora.xtec.cat\/escolacollserolacerdanyola\/wp-json\/wp\/v2\/posts\/25263\/revisions\/25264"}],"wp:attachment":[{"href":"https:\/\/agora.xtec.cat\/escolacollserolacerdanyola\/wp-json\/wp\/v2\/media?parent=25263"}],"wp:term":[{"taxonomy":"category","embeddable":true,"href":"https:\/\/agora.xtec.cat\/escolacollserolacerdanyola\/wp-json\/wp\/v2\/categories?post=25263"},{"taxonomy":"post_tag","embeddable":true,"href":"https:\/\/agora.xtec.cat\/escolacollserolacerdanyola\/wp-json\/wp\/v2\/tags?post=25263"}],"curies":[{"name":"wp","href":"https:\/\/api.w.org\/{rel}","templated":true}]}}