{"id":25252,"date":"2022-02-01T20:02:18","date_gmt":"2022-02-01T19:02:18","guid":{"rendered":"https:\/\/agora.xtec.cat\/escolacollserolacerdanyola\/?p=25252"},"modified":"2022-02-10T19:49:21","modified_gmt":"2022-02-10T18:49:21","slug":"p5-experimentem-amb-el-gel","status":"publish","type":"post","link":"https:\/\/agora.xtec.cat\/escolacollserolacerdanyola\/ei3-ei4-ei5\/ei5\/p5-experimentem-amb-el-gel\/","title":{"rendered":"P5 EXPERIMENTEM AMB EL GEL"},"content":{"rendered":"<p>BENVOLGUDES FAM\u00cdLIES!!<\/p>\n<p>Quan vam tornar a l\u2019escola despr\u00e9s de les vacances de Nadal, feia molt fred. Tan fred que, ens vam fixar molt que el camp de davant de l\u2019escola estava blanc, i ens va agafar molta curiositat, pens\u00e0vem que era neu, I, si no \u00e9s neu que era?. Era la rosada\u00a0 gelada. Doncs a la classe hem fet una experiment\u00a0 amb gla\u00e7oneres. Hem posat aigua, i a m\u00e9s a m\u00e9s, una mica de pintura,ens ha quedat de colors .\u00a0 Per\u00f2 que ha de passar perqu\u00e8 es glaci l\u2019aigua? Doncs ha d\u2019estar en un lloc molt fred. I, hem dedu\u00eft que al congelador de la nevera es gelaria l&#8217;aigua. Aix\u00ed que ho hem\u00a0 posat al congelador de la nevera de l\u2019escola. I al cap de dos dies l\u2019hem tret \u00a0i l\u2019hem pogut tocar i observar i pintat sobre una superf\u00edcie de paper i hem dedu\u00eft que el gel i ho hem recollit en un mural:<\/p>\n<p>Est\u00e0 dur; Es desf\u00e0:Es fa petit;El paper queda pintat;les mans se&#8217;ns posen vermelles del fred, est\u00e0 molt fred; ens fa mal a les mans; amb el sol es desf\u00e0.<\/p>\n<p>CLICA A LA FOTO PER VEURE ELS RESULTATS<\/p>\n<p><a href=\"https:\/\/photos.app.goo.gl\/e7r7kgbTMubUndog6\"><img decoding=\"async\" src=\"https:\/\/agora.xtec.cat\/escolacollserolacerdanyola\/wp-content\/uploads\/usu1390\/2022\/02\/Per-a-portada.jpg\" \/><\/a><\/p>\n","protected":false},"excerpt":{"rendered":"<p>BENVOLGUDES FAM\u00cdLIES!!<br \/>\nQuan vam tornar a l\u2019escola despr\u00e9s de les vacances de Nadal, feia molt fred. Tan fred que, ens vam fixar molt que el camp de davant de l\u2019escola estava blanc, i ens va agafar molta curiositat, pens\u00e0vem que era neu, I, si no \u00e9s&hellip;  <a href=\"https:\/\/agora.xtec.cat\/escolacollserolacerdanyola\/ei3-ei4-ei5\/ei5\/p5-experimentem-amb-el-gel\/\" title=\"Read P5 EXPERIMENTEM AMB EL GEL\">Llegeix m\u00e9s\u00bb<\/a><\/p>\n","protected":false},"author":6,"featured_media":25253,"comment_status":"open","ping_status":"closed","sticky":false,"template":"","format":"standard","meta":{"_bbp_topic_count":0,"_bbp_reply_count":0,"_bbp_total_topic_count":0,"_bbp_total_reply_count":0,"_bbp_voice_count":0,"_bbp_anonymous_reply_count":0,"_bbp_topic_count_hidden":0,"_bbp_reply_count_hidden":0,"_bbp_forum_subforum_count":0,"footnotes":""},"categories":[9],"tags":[],"class_list":["post-25252","post","type-post","status-publish","format-standard","has-post-thumbnail","hentry","category-ei5"],"post_mailing_queue_ids":[],"_links":{"self":[{"href":"https:\/\/agora.xtec.cat\/escolacollserolacerdanyola\/wp-json\/wp\/v2\/posts\/25252","targetHints":{"allow":["GET"]}}],"collection":[{"href":"https:\/\/agora.xtec.cat\/escolacollserolacerdanyola\/wp-json\/wp\/v2\/posts"}],"about":[{"href":"https:\/\/agora.xtec.cat\/escolacollserolacerdanyola\/wp-json\/wp\/v2\/types\/post"}],"author":[{"embeddable":true,"href":"https:\/\/agora.xtec.cat\/escolacollserolacerdanyola\/wp-json\/wp\/v2\/users\/6"}],"replies":[{"embeddable":true,"href":"https:\/\/agora.xtec.cat\/escolacollserolacerdanyola\/wp-json\/wp\/v2\/comments?post=25252"}],"version-history":[{"count":4,"href":"https:\/\/agora.xtec.cat\/escolacollserolacerdanyola\/wp-json\/wp\/v2\/posts\/25252\/revisions"}],"predecessor-version":[{"id":25317,"href":"https:\/\/agora.xtec.cat\/escolacollserolacerdanyola\/wp-json\/wp\/v2\/posts\/25252\/revisions\/25317"}],"wp:featuredmedia":[{"embeddable":true,"href":"https:\/\/agora.xtec.cat\/escolacollserolacerdanyola\/wp-json\/wp\/v2\/media\/25253"}],"wp:attachment":[{"href":"https:\/\/agora.xtec.cat\/escolacollserolacerdanyola\/wp-json\/wp\/v2\/media?parent=25252"}],"wp:term":[{"taxonomy":"category","embeddable":true,"href":"https:\/\/agora.xtec.cat\/escolacollserolacerdanyola\/wp-json\/wp\/v2\/categories?post=25252"},{"taxonomy":"post_tag","embeddable":true,"href":"https:\/\/agora.xtec.cat\/escolacollserolacerdanyola\/wp-json\/wp\/v2\/tags?post=25252"}],"curies":[{"name":"wp","href":"https:\/\/api.w.org\/{rel}","templated":true}]}}