{"id":25222,"date":"2022-01-19T16:54:53","date_gmt":"2022-01-19T15:54:53","guid":{"rendered":"https:\/\/agora.xtec.cat\/escolacollserolacerdanyola\/?p=25222"},"modified":"2022-01-19T16:55:11","modified_gmt":"2022-01-19T15:55:11","slug":"supercapa","status":"publish","type":"post","link":"https:\/\/agora.xtec.cat\/escolacollserolacerdanyola\/ei3-ei4-ei5\/supercapa\/","title":{"rendered":"Supercapa"},"content":{"rendered":"<p>Aquesta setmana hem practicat el vol amb una capa de Superheroi i Superhero\u00efna! Hem fet veure que ens esc\u00e0pavem i que la capa ens ajudava a anar m\u00e9s i m\u00e9s r\u00e0pid. La capa en q\u00fcesti\u00f3 \u00e9s un paracaiguda de tela, un material molt vers\u00e0til que ens dona molt joc dimarts a la tarda a l&#8217;estona de jocs a l&#8217;exterior.<\/p>\n<p>Que gaudiu de les fotografies!<a href=\"https:\/\/agora.xtec.cat\/escolacollserolacerdanyola\/wp-content\/uploads\/usu1390\/2022\/01\/photo5999082355253425943.jpg\"><img loading=\"lazy\" decoding=\"async\" class=\"size-medium wp-image-25223 aligncenter\" src=\"https:\/\/agora.xtec.cat\/escolacollserolacerdanyola\/wp-content\/uploads\/usu1390\/2022\/01\/photo5999082355253425943-300x225.jpg\" alt=\"\" width=\"300\" height=\"225\" srcset=\"https:\/\/agora.xtec.cat\/escolacollserolacerdanyola\/wp-content\/uploads\/usu1390\/2022\/01\/photo5999082355253425943-300x225.jpg 300w, https:\/\/agora.xtec.cat\/escolacollserolacerdanyola\/wp-content\/uploads\/usu1390\/2022\/01\/photo5999082355253425943-1024x768.jpg 1024w, https:\/\/agora.xtec.cat\/escolacollserolacerdanyola\/wp-content\/uploads\/usu1390\/2022\/01\/photo5999082355253425943-768x576.jpg 768w, https:\/\/agora.xtec.cat\/escolacollserolacerdanyola\/wp-content\/uploads\/usu1390\/2022\/01\/photo5999082355253425943-200x150.jpg 200w, https:\/\/agora.xtec.cat\/escolacollserolacerdanyola\/wp-content\/uploads\/usu1390\/2022\/01\/photo5999082355253425943.jpg 1280w\" sizes=\"auto, (max-width: 300px) 100vw, 300px\" \/><\/a><\/p>\n<p><a href=\"https:\/\/photos.app.goo.gl\/jXQY3bxeDgoXce9V6\">Pr\u00e0ctiques de superheroi i superhero\u00efna<\/a><\/p>\n","protected":false},"excerpt":{"rendered":"<p>Aquesta setmana hem practicat el vol amb una capa de Superheroi i Superhero\u00efna! Hem fet veure que ens esc\u00e0pavem i que la capa ens ajudava a anar m\u00e9s i m\u00e9s r\u00e0pid. La capa en q\u00fcesti\u00f3 \u00e9s un paracaiguda de tela, un material molt vers\u00e0til que&hellip;  <a href=\"https:\/\/agora.xtec.cat\/escolacollserolacerdanyola\/ei3-ei4-ei5\/supercapa\/\" title=\"Read Supercapa\">Llegeix m\u00e9s\u00bb<\/a><\/p>\n","protected":false},"author":6,"featured_media":25223,"comment_status":"open","ping_status":"closed","sticky":false,"template":"","format":"standard","meta":{"_bbp_topic_count":0,"_bbp_reply_count":0,"_bbp_total_topic_count":0,"_bbp_total_reply_count":0,"_bbp_voice_count":0,"_bbp_anonymous_reply_count":0,"_bbp_topic_count_hidden":0,"_bbp_reply_count_hidden":0,"_bbp_forum_subforum_count":0,"footnotes":""},"categories":[2,8,318],"tags":[],"class_list":["post-25222","post","type-post","status-publish","format-standard","has-post-thumbnail","hentry","category-ei3-ei4-ei5","category-ei4","category-escola"],"post_mailing_queue_ids":[],"_links":{"self":[{"href":"https:\/\/agora.xtec.cat\/escolacollserolacerdanyola\/wp-json\/wp\/v2\/posts\/25222","targetHints":{"allow":["GET"]}}],"collection":[{"href":"https:\/\/agora.xtec.cat\/escolacollserolacerdanyola\/wp-json\/wp\/v2\/posts"}],"about":[{"href":"https:\/\/agora.xtec.cat\/escolacollserolacerdanyola\/wp-json\/wp\/v2\/types\/post"}],"author":[{"embeddable":true,"href":"https:\/\/agora.xtec.cat\/escolacollserolacerdanyola\/wp-json\/wp\/v2\/users\/6"}],"replies":[{"embeddable":true,"href":"https:\/\/agora.xtec.cat\/escolacollserolacerdanyola\/wp-json\/wp\/v2\/comments?post=25222"}],"version-history":[{"count":3,"href":"https:\/\/agora.xtec.cat\/escolacollserolacerdanyola\/wp-json\/wp\/v2\/posts\/25222\/revisions"}],"predecessor-version":[{"id":25226,"href":"https:\/\/agora.xtec.cat\/escolacollserolacerdanyola\/wp-json\/wp\/v2\/posts\/25222\/revisions\/25226"}],"wp:featuredmedia":[{"embeddable":true,"href":"https:\/\/agora.xtec.cat\/escolacollserolacerdanyola\/wp-json\/wp\/v2\/media\/25223"}],"wp:attachment":[{"href":"https:\/\/agora.xtec.cat\/escolacollserolacerdanyola\/wp-json\/wp\/v2\/media?parent=25222"}],"wp:term":[{"taxonomy":"category","embeddable":true,"href":"https:\/\/agora.xtec.cat\/escolacollserolacerdanyola\/wp-json\/wp\/v2\/categories?post=25222"},{"taxonomy":"post_tag","embeddable":true,"href":"https:\/\/agora.xtec.cat\/escolacollserolacerdanyola\/wp-json\/wp\/v2\/tags?post=25222"}],"curies":[{"name":"wp","href":"https:\/\/api.w.org\/{rel}","templated":true}]}}